{"id":207725,"date":"2025-06-21T11:59:09","date_gmt":"2025-06-21T11:59:09","guid":{"rendered":"https:\/\/www.europesays.com\/de\/207725\/"},"modified":"2025-06-21T11:59:09","modified_gmt":"2025-06-21T11:59:09","slug":"industriestandort-deutschland-klingbeil-ruft-nach-rueckzug-von-arcelormittal-zum-stahlgipfel-auf","status":"publish","type":"post","link":"https:\/\/www.europesays.com\/de\/207725\/","title":{"rendered":"Industriestandort Deutschland: Klingbeil ruft nach R\u00fcckzug von ArcelorMittal zum Stahlgipfel auf"},"content":{"rendered":"<p class=\"paragraph article__item\">SPD-Chef <a href=\"https:\/\/www.zeit.de\/thema\/lars-klingbeil\" class=\"\" target=\"_blank\" rel=\"nofollow noopener\">Lars Klingbeil<\/a> hat sich nach dem R\u00fcckzug des Stahlkonzerns <a href=\"https:\/\/www.zeit.de\/thema\/arcelormittal\" class=\"\" target=\"_blank\" rel=\"nofollow noopener\">ArcelorMittal<\/a> aus Klimaschutz-Investitionen f\u00fcr den Erhalt von Industriearbeitspl\u00e4tzen starkgemacht. Beim <a href=\"https:\/\/www.zeit.de\/thema\/spd\" class=\"\" target=\"_blank\" rel=\"nofollow noopener\">SPD<\/a>-Landesparteitag in <a href=\"https:\/\/www.zeit.de\/thema\/cottbus\" class=\"\" target=\"_blank\" rel=\"nofollow noopener\">Cottbus<\/a> sagte er, man k\u00e4mpfe &#8222;um jeden Industriearbeitsplatz in Deutschland&#8220; und rief zur gemeinsamen L\u00f6sungssuche auf.\n<\/p>\n<p class=\"paragraph article__item\">Klingbeil appellierte an Bundeswirtschaftsministerin <a href=\"https:\/\/www.zeit.de\/thema\/katherina-reiche\" class=\"\" target=\"_blank\" rel=\"nofollow noopener\">Katherina Reiche<\/a> von der <a href=\"https:\/\/www.zeit.de\/thema\/cdu\" class=\"\" target=\"_blank\" rel=\"nofollow noopener\">CDU<\/a>, einen Gipfel mit Betriebsr\u00e4ten, Unternehmensvertretern und Ministerpr\u00e4sidenten zu organisieren. <a class=\"rtr-entity\" href=\"https:\/\/www.zeit.de\/thema\/arcelormittal\" rel=\"nofollow noopener\" target=\"_blank\">ArcelorMittal<\/a> hatte angek\u00fcndigt, wegen mangelnder Wirtschaftlichkeit auf die klimafreundliche Umstellung der Werke in Bremen und Eisenh\u00fcttenstadt zu verzichten.\n<\/p>\n<p class=\"paragraph article__item\">Der Stahlkonzern ArcelorMittal Europe hatte am Donnerstag mitgeteilt, <a href=\"https:\/\/www.zeit.de\/wirtschaft\/2025-06\/arcelormittal-ausstieg-gruener-stahl\" class=\"\" target=\"_blank\" rel=\"nofollow noopener\">die Pl\u00e4ne f\u00fcr den Umbau der Flachstahlwerke auf eine CO\u2082-reduzierte Produktion ohne Kohleverbrennung nicht weiterzuverfolgen<\/a>. Grund seien die aktuelle Marktlage und fehlende wirtschaftliche Perspektiven. Damit verzichtet das Unternehmen auch auf zugesagte staatliche F\u00f6rdergelder.\n<\/p>\n<p>        SPD will Standort sichern        <\/p>\n<p class=\"paragraph article__item\">Das Bundeswirtschaftsministerium bedauerte die Entscheidung, wies jedoch darauf hin, dass bisher keine \u00f6ffentlichen Mittel ausgezahlt worden seien. ArcelorMittal betreibt unter anderem ein Werk in Eisenh\u00fcttenstadt in Brandenburg.\n<\/p>\n<p class=\"paragraph article__item\">Klingbeil betonte die Bedeutung der Stahlstandorte f\u00fcr den Industriestandort Deutschland und forderte, dass Arbeitspl\u00e4tze f\u00fcr <a href=\"https:\/\/www.zeit.de\/2025\/04\/gruener-wasserstoff-industrie-klimaschutz-energie\" class=\"\" target=\"_blank\" rel=\"nofollow noopener\">gr\u00fcnen Wasserstoff<\/a> in der Bundesrepublik entstehen m\u00fcssten. Er schlug einen sogenannten Stahlgipfel vor, bei dem Vertreter der Betriebe, der Unternehmensf\u00fchrung sowie die Ministerpr\u00e4sidenten der betroffenen L\u00e4nder \u2013 unter anderem Brandenburg \u2013 zusammenkommen sollten. Er selbst sei bereit, diesen Prozess politisch zu unterst\u00fctzen.\n<\/p>\n<p class=\"paragraph article__item\">Beim Landesparteitag der <a class=\"rtr-entity\" href=\"https:\/\/www.zeit.de\/thema\/spd\" rel=\"nofollow noopener\" target=\"_blank\">SPD<\/a> in Cottbus standen auch Gespr\u00e4che mit dem Betriebsratsvorsitzenden von ArcelorMittal in <a href=\"https:\/\/www.zeit.de\/thema\/eisenhuettenstadt\" class=\"\" target=\"_blank\" rel=\"nofollow noopener\">Eisenh\u00fcttenstadt<\/a>, Dirk Vogeler, auf dem Programm. Neben Klingbeil nahm auch <a href=\"https:\/\/www.zeit.de\/thema\/brandenburg\" class=\"\" target=\"_blank\" rel=\"nofollow noopener\">Brandenburgs<\/a> Ministerpr\u00e4sident <a href=\"https:\/\/www.zeit.de\/thema\/dietmar-woidke\" class=\"\" target=\"_blank\" rel=\"nofollow noopener\">Dietmar Woidke<\/a> daran teil.\n<\/p>\n<p>            Industriestandort Deutschland        <\/p>\n<p>Mehr zum Thema<\/p>\n<p>                <a href=\"https:\/\/www.zeit.de\/wirtschaft\/2024-04\/wirtschaftsstandort-deutschland-gtai-intel-tesla\" data-ct-label=\"Wirtschaftsstandort Deutschland: &quot;Investoren fragen immer sehr schnell nach F\u00f6rdergeldern&quot;\" rel=\"nofollow noopener\" target=\"_blank\"><\/p>\n<p>        Z+ (abopflichtiger Inhalt);<\/p>\n<p>    Wirtschaftsstandort Deutschland:<br \/>\n                        &#8222;Investoren fragen immer sehr schnell nach F\u00f6rdergeldern&#8220;<\/p>\n<p>                <\/a><\/p>\n<p>                <a href=\"https:\/\/www.zeit.de\/wirtschaft\/2023-07\/wirtschaft-attraktivitaet-standort-deutschland-investitionen-fachkraeftemangel\" data-ct-label=\"Attraktivit\u00e4t f\u00fcr Wirtschaft: Standortdebakel Deutschland\" rel=\"nofollow noopener\" target=\"_blank\"><\/p>\n<p>        Z+ (abopflichtiger Inhalt);<\/p>\n<p>    Attraktivit\u00e4t f\u00fcr Wirtschaft:<br \/>\n                        Standortdebakel Deutschland<\/p>\n<p>                <\/a><\/p>\n<p>                <a href=\"https:\/\/www.zeit.de\/politik\/deutschland\/2024-12\/deutsche-wirtschaft-stagnation-ampel-aus-bruttoinlandsprodukt-daten\" data-ct-label=\"Deutsche Wirtschaft: Was in Deutschland schiefl\u00e4uft\" rel=\"nofollow noopener\" target=\"_blank\"><\/p>\n<p>        Z+ (abopflichtiger Inhalt);<\/p>\n<p>    Deutsche Wirtschaft:<br \/>\n                        Was in Deutschland schiefl\u00e4uft<\/p>\n<p>                <\/a><\/p>\n","protected":false},"excerpt":{"rendered":"SPD-Chef Lars Klingbeil hat sich nach dem R\u00fcckzug des Stahlkonzerns ArcelorMittal aus Klimaschutz-Investitionen f\u00fcr den Erhalt von Industriearbeitspl\u00e4tzen&hellip;\n","protected":false},"author":2,"featured_media":207726,"comment_status":"","ping_status":"","sticky":false,"template":"","format":"standard","meta":{"footnotes":""},"categories":[2],"tags":[331,3924,332,3922,17401,66330,3364,29,30,13,67371,4553,776,14,3923,15,3921,12,184,4464,55],"class_list":{"0":"post-207725","1":"post","2":"type-post","3":"status-publish","4":"format-standard","5":"has-post-thumbnail","7":"category-deutschland","8":"tag-aktuelle-nachrichten","9":"tag-aktuelle-nachrichten-aus-deutschland","10":"tag-aktuelle-news","11":"tag-aktuelle-news-aus-deutschland","12":"tag-arbeitsplatz","13":"tag-arcelormittal","14":"tag-de","15":"tag-deutschland","16":"tag-germany","17":"tag-headlines","18":"tag-industriestandort-deutschland","19":"tag-klimapolitik","20":"tag-lars-klingbeil","21":"tag-nachrichten","22":"tag-nachrichten-aus-deutschland","23":"tag-news","24":"tag-news-aus-deutschland","25":"tag-schlagzeilen","26":"tag-spd","27":"tag-stahlindustrie","28":"tag-wirtschaft"},"share_on_mastodon":{"url":"https:\/\/pubeurope.com\/@de\/114721244000301401","error":""},"_links":{"self":[{"href":"https:\/\/www.europesays.com\/de\/wp-json\/wp\/v2\/posts\/207725","targetHints":{"allow":["GET"]}}],"collection":[{"href":"https:\/\/www.europesays.com\/de\/wp-json\/wp\/v2\/posts"}],"about":[{"href":"https:\/\/www.europesays.com\/de\/wp-json\/wp\/v2\/types\/post"}],"author":[{"embeddable":true,"href":"https:\/\/www.europesays.com\/de\/wp-json\/wp\/v2\/users\/2"}],"replies":[{"embeddable":true,"href":"https:\/\/www.europesays.com\/de\/wp-json\/wp\/v2\/comments?post=207725"}],"version-history":[{"count":0,"href":"https:\/\/www.europesays.com\/de\/wp-json\/wp\/v2\/posts\/207725\/revisions"}],"wp:featuredmedia":[{"embeddable":true,"href":"https:\/\/www.europesays.com\/de\/wp-json\/wp\/v2\/media\/207726"}],"wp:attachment":[{"href":"https:\/\/www.europesays.com\/de\/wp-json\/wp\/v2\/media?parent=207725"}],"wp:term":[{"taxonomy":"category","embeddable":true,"href":"https:\/\/www.europesays.com\/de\/wp-json\/wp\/v2\/categories?post=207725"},{"taxonomy":"post_tag","embeddable":true,"href":"https:\/\/www.europesays.com\/de\/wp-json\/wp\/v2\/tags?post=207725"}],"curies":[{"name":"wp","href":"https:\/\/api.w.org\/{rel}","templated":true}]}}