{"id":207744,"date":"2025-06-21T12:10:11","date_gmt":"2025-06-21T12:10:11","guid":{"rendered":"https:\/\/www.europesays.com\/de\/207744\/"},"modified":"2025-06-21T12:10:11","modified_gmt":"2025-06-21T12:10:11","slug":"bremens-linke-zur-koalition-da-muss-mehr-gehen","status":"publish","type":"post","link":"https:\/\/www.europesays.com\/de\/207744\/","title":{"rendered":"Bremens Linke zur Koalition: \u201eDa muss mehr gehen\u201c"},"content":{"rendered":"<p>&#13;<br \/>\n            Bremen. Kein Erfolg im Kampf gegen Arbeitslosigkeit, steigende Mieten, R\u00fcckschritte bei der Asylpolitik: Nach zwei Jahren rot-gr\u00fcn-rote Koalition haben die Bremer Linken auf ihrem Parteitag eine kritische Bilanz gezogen. \u201eDamit sind wir nicht zufrieden und wir glauben: Da geht mehr\u201c, sagte die Bremer Parteichefin Anna Fischer.\u00a0 <\/p>\n<p>          &#13;<br \/>\n            Wenig Geld, schlechtes Management, drohender Rechtsruck <\/p>\n<p>Die Regierung stehe vor gro\u00dfen Herausforderungen. \u201eEs gibt weniger finanzielle Spielr\u00e4ume\u201c, sagte Fischer. \u201eAn manchen Stellen ist es aber auch einfach schlechtes Management von Ressorts, das zu massiven Problemen f\u00fchrt.\u201c\u00a0 <\/p>\n<p><img decoding=\"async\"   src=\"https:\/\/www.europesays.com\/de\/wp-content\/uploads\/2025\/06\/Anna-Fischer-spricht-auf-dem-Parteitag-1076421.jpg\" title=\"Bremens Linke zur Koalition: \u201eDa muss mehr gehen\u201c\" alt=\"Anna Fischer spricht auf dem Parteitag.\" class=\"img-responsive\"\/><\/p>\n<p>Anna Fischer spricht auf dem Parteitag. &#13;<br \/>\n\t\t\t\t\t\t\t\tFoto: Focke Strangmann\/dpa<\/p>\n<p>Aus Sicht der Fraktionsvorsitzenden Sofia Leonidakis wird die Arbeit durch den zunehmenden Rechtsruck erschwert. \u201eWir haben festgestellt und auch ausgewertet f\u00fcr unsere Fraktionen, dass wir viel damit besch\u00e4ftigt sind, zu verteidigen, was wir schon erreicht haben oder zu verhindern, dass es schlimmer wird\u201c, sagte Leonidakis.\u00a0 <\/p>\n<p>Linke fordert Plan f\u00fcr die n\u00e4chsten zwei Jahre <\/p>\n<p>Nach dem Willen der Partei sollen die Fraktionen von SPD, Gr\u00fcnen und Linken mit dem Senat einen Plan entwickeln, welche Projekte bis zur n\u00e4chsten Wahl priorisiert abgeschlossen werden sollen. Bremen m\u00fcsse sich st\u00e4rker bundespolitisch einbringen und im Bundesrat den Antrag auf ein AfD-Verbot voranbringen.\u00a0 <\/p>\n<p>Au\u00dferdem m\u00f6chte sich die Linke f\u00fcr ein einheitliches Schulsystem f\u00fcr alle, Gelder f\u00fcr soziale Infrastruktur und die Weiterentwicklung der Drogenhilfe einsetzen. Abschiebungen nach Syrien und Afghanistan m\u00fcssten verhindert, der Klimaschutz intensiviert und Arbeitspl\u00e4tze gesichert werden. Die Partei will zudem ein Ma\u00dfnahmenpaket f\u00fcr bezahlbaren Wohnraum ausarbeiten. <\/p>\n<p><img decoding=\"async\"   src=\"https:\/\/www.europesays.com\/de\/wp-content\/uploads\/2025\/06\/Christoph-Spehr-begruesst-die-Genossinnen-und-Genossen-1076420.jpg\" title=\"Bremens Linke zur Koalition: \u201eDa muss mehr gehen\u201c\" alt=\"Christoph Spehr begr\u00fc\u00dft die Genossinnen und Genossen.\" class=\"img-responsive\"\/><\/p>\n<p>Christoph Spehr begr\u00fc\u00dft die Genossinnen und Genossen. &#13;<br \/>\n\t\t\t\t\t\t\t\tFoto: Focke Strangmann\/dpa<\/p>\n<p><img decoding=\"async\"   src=\"https:\/\/www.europesays.com\/de\/wp-content\/uploads\/2025\/06\/Sofia-Leonidakis-berichtete-ueber-die-Arbeit-der-Fraktion-1076422.jpg\" title=\"Bremens Linke zur Koalition: \u201eDa muss mehr gehen\u201c\" alt=\"Sofia Leonidakis berichtete \u00fcber die Arbeit der Fraktion.\" class=\"img-responsive\"\/><\/p>\n<p>Sofia Leonidakis berichtete \u00fcber die Arbeit der Fraktion. &#13;<br \/>\n\t\t\t\t\t\t\t\tFoto: Focke Strangmann\/dpa<\/p>\n","protected":false},"excerpt":{"rendered":"&#13; Bremen. Kein Erfolg im Kampf gegen Arbeitslosigkeit, steigende Mieten, R\u00fcckschritte bei der Asylpolitik: Nach zwei Jahren rot-gr\u00fcn-rote&hellip;\n","protected":false},"author":2,"featured_media":207745,"comment_status":"","ping_status":"","sticky":false,"template":"","format":"standard","meta":{"footnotes":""},"categories":[1824],"tags":[2420,3364,29,536,30,44,2403,2382],"class_list":{"0":"post-207744","1":"post","2":"type-post","3":"status-publish","4":"format-standard","5":"has-post-thumbnail","7":"category-bremen","8":"tag-bremen","9":"tag-de","10":"tag-deutschland","11":"tag-die-linke","12":"tag-germany","13":"tag-koalition","14":"tag-partei","15":"tag-senat"},"share_on_mastodon":{"url":"https:\/\/pubeurope.com\/@de\/114721287313327318","error":""},"_links":{"self":[{"href":"https:\/\/www.europesays.com\/de\/wp-json\/wp\/v2\/posts\/207744","targetHints":{"allow":["GET"]}}],"collection":[{"href":"https:\/\/www.europesays.com\/de\/wp-json\/wp\/v2\/posts"}],"about":[{"href":"https:\/\/www.europesays.com\/de\/wp-json\/wp\/v2\/types\/post"}],"author":[{"embeddable":true,"href":"https:\/\/www.europesays.com\/de\/wp-json\/wp\/v2\/users\/2"}],"replies":[{"embeddable":true,"href":"https:\/\/www.europesays.com\/de\/wp-json\/wp\/v2\/comments?post=207744"}],"version-history":[{"count":0,"href":"https:\/\/www.europesays.com\/de\/wp-json\/wp\/v2\/posts\/207744\/revisions"}],"wp:featuredmedia":[{"embeddable":true,"href":"https:\/\/www.europesays.com\/de\/wp-json\/wp\/v2\/media\/207745"}],"wp:attachment":[{"href":"https:\/\/www.europesays.com\/de\/wp-json\/wp\/v2\/media?parent=207744"}],"wp:term":[{"taxonomy":"category","embeddable":true,"href":"https:\/\/www.europesays.com\/de\/wp-json\/wp\/v2\/categories?post=207744"},{"taxonomy":"post_tag","embeddable":true,"href":"https:\/\/www.europesays.com\/de\/wp-json\/wp\/v2\/tags?post=207744"}],"curies":[{"name":"wp","href":"https:\/\/api.w.org\/{rel}","templated":true}]}}