{"id":207762,"date":"2025-06-21T12:20:11","date_gmt":"2025-06-21T12:20:11","guid":{"rendered":"https:\/\/www.europesays.com\/de\/207762\/"},"modified":"2025-06-21T12:20:11","modified_gmt":"2025-06-21T12:20:11","slug":"kreis-esslingen-21-jaehriger-nimmt-caddy-die-vorfahrt-zehn-verletzte-darunter-kinder","status":"publish","type":"post","link":"https:\/\/www.europesays.com\/de\/207762\/","title":{"rendered":"Kreis Esslingen: 21-J\u00e4hriger nimmt Caddy die Vorfahrt \u2013 zehn Verletzte, darunter Kinder"},"content":{"rendered":"<p>\t\t\t\t\t\t\t\t\t\t\t\t\t\t\t\t\t\t\t\t\t\t\t\t\t\t\t\t      \t\t            \t\t             \t\t\t\t   \t\t\t\t\t   <img decoding=\"async\" id=\"article-image\" fetchpriority=\"high\" alt=\"Kreis Esslingen: 21-J\u00e4hriger nimmt Caddy die Vorfahrt \u2013 zehn Verletzte, darunter Kinder\" title=\"Kreis Esslingen: 21-J\u00e4hriger nimmt Caddy die Vorfahrt \u2013 zehn Verletzte, darunter Kinder\" src=\"https:\/\/www.europesays.com\/de\/wp-content\/uploads\/2025\/06\/media.media.e4e883e8-e507-4e52-a05c-24698036ad58.16x9_700.jpg\" data-linkto=\"https:\/\/www.stuttgarter-nachrichten.de\/javascript:void(0);\"\/>\t\t\t\t\t\t\t\t\t\t\t\t\t\t\t\t\t\t\t\t\t\t\t\tAuf einer Kreisstra\u00dfe im Kreis Esslingen hat sich am Freitagabend ein schwerer Unfall ereignet.\u00a0Foto: SDMG\t\t\t<\/p>\n<p>Am Freitagabend ereignet sich im Kreis Esslingen ein schwerer Unfall. Zehn Personen kommen in umliegende Krankenh\u00e4user.<\/p>\n<p>Zehn Personen sind bei einem schweren Verkehrsunfall am Freitagabend bei <a href=\"https:\/\/www.stuttgarter-nachrichten.de\/thema\/Bissingen_an_der_Teck\" title=\"Bissingen an der Teck\" class=\"art_thema\" target=\"_blank\" rel=\"noopener\">Bissingen an der Teck<\/a> (Kreis <a href=\"https:\/\/www.stuttgarter-nachrichten.de\/thema\/Esslingen\" title=\"Esslingen\" class=\"art_thema\" target=\"_blank\" rel=\"noopener\">Esslingen<\/a>) verletzt worden. Wie die Polizei mitteilt, hatte ein 21-J\u00e4hriger mit seinem VW Transporter beim Abbiegen einem VW Caddy die Vorfahrt genommen \u2013 woraufhin es zur Kollision der beiden Fahrzeuge kam. Durch den Aufprall wurde der Caddy auf die Gegenfahrbahn geschleudert, wo er mit einem wartenden VW Golf einer 21-J\u00e4hrigen zusammenstie\u00df. <\/p>\n<p>Der Unfallverursacher und dessen 20-j\u00e4hriger Beifahrer zogen sich leichte Verletzungen zu. Der 38-j\u00e4hrige Fahrer des VW Caddy, indem f\u00fcnf weitere Personen sa\u00dfen, erlitt schwere Verletzungen. Die 36-j\u00e4hrige Beifahrerin sowie vier Kinder im Alter zwischen zwei und sieben Jahren wurden leicht verletzt. Ebenfalls leichte Verletzungen zog sich die Fahrerin des VW Golf sowie deren 19-j\u00e4hriger Beifahrer zu. Alle Beteiligten kamen in umliegende Krankenh\u00e4user. <\/p>\n<p>  <img decoding=\"async\" loading=\"lazy\" src=\"https:\/\/www.europesays.com\/de\/wp-content\/uploads\/2025\/06\/media.media.745677e3-0993-40ac-a0c1-4ac3837a0305.original1024.media.jpeg\"\/>     Auch die Feuerwehr war im Einsatz.    Foto: SDMG    21-J\u00e4hriger muss F\u00fchrerschein abgeben <\/p>\n<p>W\u00e4hrend der Unfallaufnahme erh\u00e4rtete sich der Verdacht, dass der Verursacher getrunken hatte. Ein Atemalkoholtest ergab einen Wert von knapp einem Promille, weshalb dem 21-J\u00e4hrigen erst Blut und dann der F\u00fchrerschein abgenommen wurde. <\/p>\n<p>Alle drei Fahrzeuge wurden bei dem <a href=\"https:\/\/www.stuttgarter-nachrichten.de\/thema\/Unfall\" title=\"Unfall\" class=\"art_thema\" target=\"_blank\" rel=\"noopener\">Unfall<\/a> so stark besch\u00e4digt, dass diese nicht mehr fahrbereit waren und durch Abschleppdienste geborgen werden mussten. Der Schaden wird auf circa 30.000 Euro gesch\u00e4tzt. Neben Polizei und Rettungsdienst waren auch die Feuerwehr und die Stra\u00dfenmeisterei im Einsatz. F\u00fcr die Dauer der Unfallaufnahme und die anschlie\u00dfenden Reinigungsarbeiten war die Kreisstra\u00dfe 1250 bis gegen 1.15 Uhr voll gesperrt.<\/p>\n","protected":false},"excerpt":{"rendered":"Auf einer Kreisstra\u00dfe im Kreis Esslingen hat sich am Freitagabend ein schwerer Unfall ereignet.\u00a0Foto: SDMG Am Freitagabend ereignet&hellip;\n","protected":false},"author":2,"featured_media":207763,"comment_status":"","ping_status":"","sticky":false,"template":"","format":"standard","meta":{"footnotes":""},"categories":[1830],"tags":[1634,6547,67378,3364,29,3439,30,15254,5321,1441,1284,3258,67376,67377],"class_list":{"0":"post-207762","1":"post","2":"type-post","3":"status-publish","4":"format-standard","5":"has-post-thumbnail","7":"category-stuttgart","8":"tag-baden-wuerttemberg","9":"tag-bildergalerie","10":"tag-bissingen-an-der-teck","11":"tag-de","12":"tag-deutschland","13":"tag-esslingen","14":"tag-germany","15":"tag-kreis-esslingen","16":"tag-stadt-esslingen","17":"tag-stuttgart","18":"tag-unfall","19":"tag-verletzte","20":"tag-vw-caddy","21":"tag-vw-transporter"},"share_on_mastodon":{"url":"https:\/\/pubeurope.com\/@de\/114721326735299362","error":""},"_links":{"self":[{"href":"https:\/\/www.europesays.com\/de\/wp-json\/wp\/v2\/posts\/207762","targetHints":{"allow":["GET"]}}],"collection":[{"href":"https:\/\/www.europesays.com\/de\/wp-json\/wp\/v2\/posts"}],"about":[{"href":"https:\/\/www.europesays.com\/de\/wp-json\/wp\/v2\/types\/post"}],"author":[{"embeddable":true,"href":"https:\/\/www.europesays.com\/de\/wp-json\/wp\/v2\/users\/2"}],"replies":[{"embeddable":true,"href":"https:\/\/www.europesays.com\/de\/wp-json\/wp\/v2\/comments?post=207762"}],"version-history":[{"count":0,"href":"https:\/\/www.europesays.com\/de\/wp-json\/wp\/v2\/posts\/207762\/revisions"}],"wp:featuredmedia":[{"embeddable":true,"href":"https:\/\/www.europesays.com\/de\/wp-json\/wp\/v2\/media\/207763"}],"wp:attachment":[{"href":"https:\/\/www.europesays.com\/de\/wp-json\/wp\/v2\/media?parent=207762"}],"wp:term":[{"taxonomy":"category","embeddable":true,"href":"https:\/\/www.europesays.com\/de\/wp-json\/wp\/v2\/categories?post=207762"},{"taxonomy":"post_tag","embeddable":true,"href":"https:\/\/www.europesays.com\/de\/wp-json\/wp\/v2\/tags?post=207762"}],"curies":[{"name":"wp","href":"https:\/\/api.w.org\/{rel}","templated":true}]}}