{"id":207766,"date":"2025-06-21T12:22:14","date_gmt":"2025-06-21T12:22:14","guid":{"rendered":"https:\/\/www.europesays.com\/de\/207766\/"},"modified":"2025-06-21T12:22:14","modified_gmt":"2025-06-21T12:22:14","slug":"hitlergruss-und-parolen-polizei-greift-auf-konstablerwache-ein","status":"publish","type":"post","link":"https:\/\/www.europesays.com\/de\/207766\/","title":{"rendered":"Hitlergru\u00df und Parolen \u2013 Polizei greift auf Konstablerwache ein"},"content":{"rendered":"<p>Festnahme auf Konstablerwache <\/p>\n<p>Mann st\u00f6rt Theaterauff\u00fchrung mit Hitlergru\u00df und Parolen<\/p>\n<p>21.06.2025 &#8211; 14:12 UhrLesedauer: 1 Min.<\/p>\n<p><a href=\"#focus-0\" class=\"transition-colors duration-200 focus-within:text-magenta block text-current relative\" data-sctrack=\"FocusGalleryImage.Reference\"><img fetchpriority=\"high\" data-testid=\"Opener.Image\" style=\"--lqipURL:url('https:\/\/images.t-online.de\/2024\/01\/j-U3mSrOTNW3\/0x199:3859x2171\/fit-in\/150x0\/filters:blur(25)\/blaulicht-16-032023-frankfurt-das-blaulicht-eines-polizeiautos-leuchtet-auf-der-zeil-an-deer-u-s-bahnstation-konstablerwache-frankfurt-frankfurt-hessen-germany-blue-light-16-03-2023-frankfurt-the-blue-light-of-a-police-car-shines-on-the-zeil-at-the-u-s-station-konstablerwache-frankfurt-frankfurt-hessen-germany.jpg')\"   loading=\"eager\" src=\"https:\/\/www.europesays.com\/de\/wp-content\/uploads\/2025\/06\/blaulicht-16-032023-frankfurt-das-blaulicht-eines-polizeiautos-leuchtet-auf-der-zeil-an-deer-u-s-bah.jpeg\" alt=\"imago images 0239533417\" title=\"imago images 0239533417\" width=\"3859\" height=\"2171\" class=\"bg-[url:var(--lqipURL)] bg-cover bg-center flex h-full w-full max-w-full\" decoding=\"async\"\/><img style=\"--width:32;--height:32\" loading=\"lazy\" src=\"https:\/\/frankfurt.t-online.de\/s\/paper\/_next\/static\/media\/zoom-in.f7dae02f.svg\" alt=\"Vergr\u00f6\u00dfern des Bildes\" title=\"Vergr\u00f6\u00dfern des Bildes\" class=\"block h-[calc(var(--height)_\/_16_*_1rem)] w-[calc(var(--width)_\/_16_*_1rem)] max-w-none absolute bottom-8 right-8 rounded-4 bg-snow p-8\" decoding=\"async\"\/><\/a><\/p>\n<p>Blaulicht eines Polizeiautos an der Bahnstation Konstablerwache (Archivbild): Ein Mann wurde am Freitagabend festgenommen. (Quelle: IMAGO\/imago-images-bilder)<\/p>\n<p class=\"font-bold text-18 leading-17\">In Frankfurt wird eine Theaterauff\u00fchrung von einem 43-J\u00e4hrigen gest\u00f6rt. Der Mann zeigte nicht nur den Hitlergru\u00df.<\/p>\n<p class=\"text-18 leading-17\">Die Polizei in Frankfurt hat am Freitagabend einen Mann festnehmen m\u00fcssen. Der 43-J\u00e4hrige soll laut Polizei eine Theaterauff\u00fchrung auf der Konstablerwache gest\u00f6rt haben, indem er den Hitlergru\u00df zeigte und antisemitische Parolen skandierte. Zeugen hatten demnach gegen 22.15 Uhr die Polizei alarmiert.<\/p>\n<p class=\"text-18 leading-17\">Die Beamten rekonstruierten das Tatgeschehen mithilfe der Videoschutzanlage und schickten umgehend Polizeikr\u00e4fte, die sich wegen des Konzepts &#8222;Sichere Innenstadt&#8220; in der N\u00e4he befanden, zur Konstablerwache. Die Beamten nahmen den Tatverd\u00e4chtigen anschlie\u00dfend fest und brachten ihn auf das Revier. Nach Abschluss der polizeilichen Ma\u00dfnahmen wurde der 43-J\u00e4hrige wieder entlassen.<\/p>\n","protected":false},"excerpt":{"rendered":"Festnahme auf Konstablerwache Mann st\u00f6rt Theaterauff\u00fchrung mit Hitlergru\u00df und Parolen 21.06.2025 &#8211; 14:12 UhrLesedauer: 1 Min. Blaulicht eines&hellip;\n","protected":false},"author":2,"featured_media":207767,"comment_status":"","ping_status":"","sticky":false,"template":"","format":"standard","meta":{"footnotes":""},"categories":[1829],"tags":[67379,1950,29,980,2050,2051,30,2052,22154,27477,121,15580,63967],"class_list":{"0":"post-207766","1":"post","2":"type-post","3":"status-publish","4":"format-standard","5":"has-post-thumbnail","7":"category-frankfurt-am-main","8":"tag-bahnstation","9":"tag-blaulicht","10":"tag-deutschland","11":"tag-festnahme","12":"tag-frankfurt","13":"tag-frankfurt-am-main","14":"tag-germany","15":"tag-hessen","16":"tag-hitlergruss","17":"tag-konstablerwache","18":"tag-polizei","19":"tag-polizeiauto","20":"tag-theaterauffuehrung"},"share_on_mastodon":{"url":"https:\/\/pubeurope.com\/@de\/114721334650853788","error":""},"_links":{"self":[{"href":"https:\/\/www.europesays.com\/de\/wp-json\/wp\/v2\/posts\/207766","targetHints":{"allow":["GET"]}}],"collection":[{"href":"https:\/\/www.europesays.com\/de\/wp-json\/wp\/v2\/posts"}],"about":[{"href":"https:\/\/www.europesays.com\/de\/wp-json\/wp\/v2\/types\/post"}],"author":[{"embeddable":true,"href":"https:\/\/www.europesays.com\/de\/wp-json\/wp\/v2\/users\/2"}],"replies":[{"embeddable":true,"href":"https:\/\/www.europesays.com\/de\/wp-json\/wp\/v2\/comments?post=207766"}],"version-history":[{"count":0,"href":"https:\/\/www.europesays.com\/de\/wp-json\/wp\/v2\/posts\/207766\/revisions"}],"wp:featuredmedia":[{"embeddable":true,"href":"https:\/\/www.europesays.com\/de\/wp-json\/wp\/v2\/media\/207767"}],"wp:attachment":[{"href":"https:\/\/www.europesays.com\/de\/wp-json\/wp\/v2\/media?parent=207766"}],"wp:term":[{"taxonomy":"category","embeddable":true,"href":"https:\/\/www.europesays.com\/de\/wp-json\/wp\/v2\/categories?post=207766"},{"taxonomy":"post_tag","embeddable":true,"href":"https:\/\/www.europesays.com\/de\/wp-json\/wp\/v2\/tags?post=207766"}],"curies":[{"name":"wp","href":"https:\/\/api.w.org\/{rel}","templated":true}]}}