{"id":207781,"date":"2025-06-21T12:30:16","date_gmt":"2025-06-21T12:30:16","guid":{"rendered":"https:\/\/www.europesays.com\/de\/207781\/"},"modified":"2025-06-21T12:30:16","modified_gmt":"2025-06-21T12:30:16","slug":"berlin-brandenburg-mann-in-zehlendorf-erstochen","status":"publish","type":"post","link":"https:\/\/www.europesays.com\/de\/207781\/","title":{"rendered":"Berlin &#038; Brandenburg: Mann in Zehlendorf erstochen"},"content":{"rendered":"<p>                    Berlin &amp; Brandenburg<br \/>\n                Mann in Zehlendorf erstochen<\/p>\n<p>\t\t\t\t              21.06.2025, 13:33 Uhr<\/p>\n<p><strong>Am Samstagvormittag wird in Zehlendorf ein \u00e4lterer Mann mit schweren Stichverletzungen aufgefunden. Das Opfer stirbt. Die Mordkommission ermittelt.<\/strong><\/p>\n<p>Berlin (dpa\/bb) &#8211; In Berlin-Zehlendorf ist ein Mann erstochen worden. Die Mordkommission ermittle wegen Verdachts eines T\u00f6tungsdelikts, teilte die Polizei mit. Ein Tatverd\u00e4chtiger sei auf der Flucht, erg\u00e4nzte eine Polizeisprecherin.\u00a0<\/p>\n<p>Die Feuerwehr wurde laut Polizei gegen 10.30 Uhr alarmiert. Vor Ort in der Sven-Hedin-Stra\u00dfe h\u00e4tten die Helfer nur noch den Tod des \u00e4lteren Mannes feststellen k\u00f6nnen. Er habe schwere Stichverletzungen gehabt.\u00a0<\/p>\n<p>Der Einsatzort war mit Flatterband weitr\u00e4umig abgesperrt, wie eine dpa-Reporterin beobachtete. Vor Ort waren mehrere Polizeiwagen sowie Rettungswagen und Notarzt.<\/p>\n","protected":false},"excerpt":{"rendered":"Berlin &amp; Brandenburg Mann in Zehlendorf erstochen 21.06.2025, 13:33 Uhr Am Samstagvormittag wird in Zehlendorf ein \u00e4lterer Mann&hellip;\n","protected":false},"author":2,"featured_media":207782,"comment_status":"","ping_status":"","sticky":false,"template":"","format":"standard","meta":{"footnotes":""},"categories":[1816],"tags":[1960,1958,1959,1957,296,1956,1890,29,30,1980,9403],"class_list":{"0":"post-207781","1":"post","2":"type-post","3":"status-publish","4":"format-standard","5":"has-post-thumbnail","7":"category-brandenburg","8":"tag-aktuelle-nachrichten-aus-berlin-und-brandenburg","9":"tag-aktuelle-nachrichten-aus-brandenburg","10":"tag-aktuelle-news-aus-berlin-und-brandenburg","11":"tag-aktuelle-news-aus-brandenburg","12":"tag-berlin","13":"tag-berlin-und-brandenburg","14":"tag-brandenburg","15":"tag-deutschland","16":"tag-germany","17":"tag-mann","18":"tag-zehlendorf"},"share_on_mastodon":{"url":"https:\/\/pubeurope.com\/@de\/114721365946499375","error":""},"_links":{"self":[{"href":"https:\/\/www.europesays.com\/de\/wp-json\/wp\/v2\/posts\/207781","targetHints":{"allow":["GET"]}}],"collection":[{"href":"https:\/\/www.europesays.com\/de\/wp-json\/wp\/v2\/posts"}],"about":[{"href":"https:\/\/www.europesays.com\/de\/wp-json\/wp\/v2\/types\/post"}],"author":[{"embeddable":true,"href":"https:\/\/www.europesays.com\/de\/wp-json\/wp\/v2\/users\/2"}],"replies":[{"embeddable":true,"href":"https:\/\/www.europesays.com\/de\/wp-json\/wp\/v2\/comments?post=207781"}],"version-history":[{"count":0,"href":"https:\/\/www.europesays.com\/de\/wp-json\/wp\/v2\/posts\/207781\/revisions"}],"wp:featuredmedia":[{"embeddable":true,"href":"https:\/\/www.europesays.com\/de\/wp-json\/wp\/v2\/media\/207782"}],"wp:attachment":[{"href":"https:\/\/www.europesays.com\/de\/wp-json\/wp\/v2\/media?parent=207781"}],"wp:term":[{"taxonomy":"category","embeddable":true,"href":"https:\/\/www.europesays.com\/de\/wp-json\/wp\/v2\/categories?post=207781"},{"taxonomy":"post_tag","embeddable":true,"href":"https:\/\/www.europesays.com\/de\/wp-json\/wp\/v2\/tags?post=207781"}],"curies":[{"name":"wp","href":"https:\/\/api.w.org\/{rel}","templated":true}]}}