{"id":207824,"date":"2025-06-21T12:52:11","date_gmt":"2025-06-21T12:52:11","guid":{"rendered":"https:\/\/www.europesays.com\/de\/207824\/"},"modified":"2025-06-21T12:52:11","modified_gmt":"2025-06-21T12:52:11","slug":"kieler-woche-das-gibts-beim-weltweit-groessten-segelfest-zu-sehen-regional","status":"publish","type":"post","link":"https:\/\/www.europesays.com\/de\/207824\/","title":{"rendered":"Kieler Woche: Das gibt\u2019s beim weltweit gr\u00f6\u00dften Segelfest zu sehen | Regional"},"content":{"rendered":"<p>Kiel \u2013 <b>Leinen los f\u00fcr die Kieler Woche! Auf dem weltweit gr\u00f6\u00dften Segelfest dreht sich in Schleswig-Holsteins Landeshauptstadt ab heute bis zum 29. Juni wieder alles um Regatten, Schlemmen, Konzerte und Events. <\/b><\/p>\n<p>Auch interessant<\/p>\n<p>Anzeige<\/p>\n<p>Auch interessant<\/p>\n<p>Anzeige<\/p>\n<p>Wie im vergangenen Jahr werden rund drei Millionen G\u00e4ste an der F\u00f6rde erwartet. Auch das Wetter spielt mit, zum Auftakt-Wochenende ist es sommerlich.<\/p>\n<p>Bundesratspr\u00e4sidentin Anke Rehlinger (49, SPD) soll zum offiziellen Start am Samstag (19 Uhr) mit Handball-Nationalspieler Rune Dahmke (32, THW Kiel) das traditionelle Signal \u201elang-kurz-kurz-lang\u201c f\u00fcr \u201eLeinen los!\u201c auf dem Schiffshorn geben. <\/p>\n<p><a href=\"https:\/\/www.bild.de\/regional\/schleswig-holstein\/home-qCZ6mwob6UU7gmO8lvCg\" class=\"text-link\" target=\"_blank\" rel=\"noopener\">Schleswig-Holsteins<\/a> Landesvater Daniel G\u00fcnther (51, CDU) \u00fcbernimmt wie in den vergangenen Jahren das Glasen mit einer Schiffsglocke (drei Doppelschl\u00e4ge und ein Einzelschlag) bei den Er\u00f6ffnungsfeierlichkeiten des <a href=\"https:\/\/www.bild.de\/themen\/ereignisse\/volksfeste\/politik-nachrichten-news-fotos-videos-20523974.bild.html\" class=\"text-link\" target=\"_blank\" rel=\"noopener\">Volksfestes<\/a>.<\/p>\n<p><img decoding=\"async\" width=\"992\" height=\"558\" alt=\"Neben zahlreichen kulinarischen Angeboten wird es auch rund 400 Konzerte f\u00fcr die Besucher und G\u00e4ste geben\" src=\"https:\/\/www.europesays.com\/de\/wp-content\/uploads\/2025\/06\/1b871d27259c4faf48081aa4cd016883,e68211b9\"   class=\"landscape\" loading=\"lazy\"\/><\/p>\n<p class=\"fig__caption__text\">Neben zahlreichen kulinarischen Angeboten wird es auch rund 400 Konzerte f\u00fcr die Besucher und G\u00e4ste geben<\/p>\n<p>Foto: Jonas Walzberg\/dpa<\/p>\n<p>400 Konzerte auf 20 B\u00fchnen<\/p>\n<p><b>Geplant f\u00fcr die Partywoche sind rund 400 Konzerte auf 20 B\u00fchnen \u2013 und das alles wieder ohne Eintritt. Erwartet werden unter anderem Die Prinzen, Aura Dione aus D\u00e4nemark, Michael Schulte, Pohlmann, Alvaro Soler und DJ Alle Farben. <\/b><\/p>\n<p>Sportlich geht\u2019s auf dem Wasser zu, wo die Regatten und Wettbewerbe vor Schilksee starten. Zu den verschiedenen Regatten haben sich rund 4000 Segler aus mehr als 60 Nationen angemeldet. Bereits am Samstagvormittag hatte Schleswig-Holsteins Innenministerin Sabine S\u00fctterlin-Waack (67, CDU) gemeinsam mit Kiels Oberb\u00fcrgermeister Ulf K\u00e4mpfer (53, SPD) und Regattaleiter Dirk Ramhorst die Segelwettbewerbe gestartet.<\/p>\n<p>Polizei will mehr Pr\u00e4senz zeigen<\/p>\n<p>Das Thema Sicherheit r\u00fcckt bei der Gro\u00dfveranstaltung verst\u00e4rkt in den Vordergrund. So werden die G\u00e4ste und Besucher in der Stadt m\u00f6glicherweise mehr Polizeikr\u00e4fte zu Gesicht bekommen als bei vorangegangenen Kieler Wochen. Der Grund: Die <a href=\"https:\/\/www.bild.de\/regional\/aktuelles\/polizei\/polizeieinsatz-alle-infos-76681760.bild.html\" class=\"text-link\" target=\"_blank\" rel=\"noopener\">Polizei<\/a> will mehr Pr\u00e4senz zeigen, um das Sicherheitsgef\u00fchl der Menschen zu st\u00e4rken.<\/p>\n<p>Lesen Sie auchProtest am Marinest\u00fctzpunkt<\/p>\n<p>Unterdessen haben mehrere Menschen am Samstagvormittag beim \u201eOpen Ship\u201c am Eingang zum Marinest\u00fctzpunkt gegen Aufr\u00fcstung und f\u00fcr Klimagerechtigkeit protestiert. Mitglieder der Aktionsgruppe \u201eNo Peace. No Climate Justice\u201c kletterten auf B\u00e4ume und hielten zwei Banner hoich, wie die Polizei best\u00e4tigte. Darauf war zu lesen: \u201eOrganisiert Euch gegen die Klimakrise und Aufr\u00fcstung\u201c und \u201eSeenotrettung statt Kriegseinsatz\u201c. <\/p>\n<p><b>Am 29. Juni endet die Kieler Woche mit einem Abschluss-Feuerwerk \u00fcber der F\u00f6rde.<\/b><\/p>\n","protected":false},"excerpt":{"rendered":"Kiel \u2013 Leinen los f\u00fcr die Kieler Woche! Auf dem weltweit gr\u00f6\u00dften Segelfest dreht sich in Schleswig-Holsteins Landeshauptstadt&hellip;\n","protected":false},"author":2,"featured_media":207825,"comment_status":"","ping_status":"","sticky":false,"template":"","format":"standard","meta":{"footnotes":""},"categories":[1852],"tags":[8057,3364,29,548,663,3934,30,13,14936,4949,1310,29955,14,15,159,12311,12,1971,12310,3931,45,25768,4837],"class_list":{"0":"post-207824","1":"post","2":"type-post","3":"status-publish","4":"format-standard","5":"has-post-thumbnail","7":"category-kiel","8":"tag-besuch","9":"tag-de","10":"tag-deutschland","11":"tag-eu","12":"tag-europa","13":"tag-europe","14":"tag-germany","15":"tag-headlines","16":"tag-innere-sicherheit","17":"tag-kiel","18":"tag-konzert","19":"tag-marine","20":"tag-nachrichten","21":"tag-news","22":"tag-proteste","23":"tag-regattasegeln","24":"tag-schlagzeilen","25":"tag-schleswig-holstein","26":"tag-segelsport","27":"tag-sicherheit","28":"tag-texttospeech","29":"tag-veranstaltungsorte","30":"tag-volksfeste"},"share_on_mastodon":{"url":"https:\/\/pubeurope.com\/@de\/114721452515880155","error":""},"_links":{"self":[{"href":"https:\/\/www.europesays.com\/de\/wp-json\/wp\/v2\/posts\/207824","targetHints":{"allow":["GET"]}}],"collection":[{"href":"https:\/\/www.europesays.com\/de\/wp-json\/wp\/v2\/posts"}],"about":[{"href":"https:\/\/www.europesays.com\/de\/wp-json\/wp\/v2\/types\/post"}],"author":[{"embeddable":true,"href":"https:\/\/www.europesays.com\/de\/wp-json\/wp\/v2\/users\/2"}],"replies":[{"embeddable":true,"href":"https:\/\/www.europesays.com\/de\/wp-json\/wp\/v2\/comments?post=207824"}],"version-history":[{"count":0,"href":"https:\/\/www.europesays.com\/de\/wp-json\/wp\/v2\/posts\/207824\/revisions"}],"wp:featuredmedia":[{"embeddable":true,"href":"https:\/\/www.europesays.com\/de\/wp-json\/wp\/v2\/media\/207825"}],"wp:attachment":[{"href":"https:\/\/www.europesays.com\/de\/wp-json\/wp\/v2\/media?parent=207824"}],"wp:term":[{"taxonomy":"category","embeddable":true,"href":"https:\/\/www.europesays.com\/de\/wp-json\/wp\/v2\/categories?post=207824"},{"taxonomy":"post_tag","embeddable":true,"href":"https:\/\/www.europesays.com\/de\/wp-json\/wp\/v2\/tags?post=207824"}],"curies":[{"name":"wp","href":"https:\/\/api.w.org\/{rel}","templated":true}]}}