{"id":208004,"date":"2025-06-21T14:27:15","date_gmt":"2025-06-21T14:27:15","guid":{"rendered":"https:\/\/www.europesays.com\/de\/208004\/"},"modified":"2025-06-21T14:27:15","modified_gmt":"2025-06-21T14:27:15","slug":"messerangriff-in-der-alexanderstrasse-am-islandufer","status":"publish","type":"post","link":"https:\/\/www.europesays.com\/de\/208004\/","title":{"rendered":"Messerangriff in der Alexanderstra\u00dfe am Islandufer"},"content":{"rendered":"<p class=\"text_ohne_einzug richtext text-em-55 !leading-serif mx-6 desktop:mx-0\">Ein 27-j\u00e4hriger Mann ist am Samstagabend gegen 23.10 Uhr an der Alexanderstra\u00dfe am Islandufer in Elberfeld Opfer eines gewaltt\u00e4tlichen Angriffs geworden. Der Mann war laut Zeugenaussagen blutend aus einem Geb\u00fcsch aufgetaucht und bat Passanten um Hilfe, die daraufhin die Polizei riefen. Die Ordnungsh\u00fcter kamen mit zahlreichen Kr\u00e4ften zum Einsatzort und durchsuchten die Umgebung der Alexanderstra\u00dfe und des Islandufers. Der T\u00e4ter hatte sich offenbar Richtung Osten auf die Flucht begeben, wie ein Polizeisprecher auf WZ-Nachfrage mitteilt. Die Beamten fuhren auch zur Wohnanschrift des 27-j\u00e4hrigen mutma\u00dflichen T\u00e4ters, den sie dort aber nicht antrafen. Der Mann ist namentlich bekannt, die Ermittlungen zu dem Fall dauern an. Das Opfer der Attacke hatte Schnittverletzungen erlitten, befand sich aber nicht in Lebensgefahr, so die Polizei.<\/p>\n","protected":false},"excerpt":{"rendered":"Ein 27-j\u00e4hriger Mann ist am Samstagabend gegen 23.10 Uhr an der Alexanderstra\u00dfe am Islandufer in Elberfeld Opfer eines&hellip;\n","protected":false},"author":2,"featured_media":208005,"comment_status":"","ping_status":"","sticky":false,"template":"","format":"standard","meta":{"footnotes":""},"categories":[1840],"tags":[28224,3364,29,30,1981,1209,19170,67427,121,67428,5089,4418],"class_list":{"0":"post-208004","1":"post","2":"type-post","3":"status-publish","4":"format-standard","5":"has-post-thumbnail","7":"category-wuppertal","8":"tag-alexanderstrasse","9":"tag-de","10":"tag-deutschland","11":"tag-germany","12":"tag-messer","13":"tag-nordrhein-westfalen","14":"tag-opfer","15":"tag-passanten","16":"tag-polizei","17":"tag-schnittverletzung","18":"tag-taeter","19":"tag-wuppertal"},"share_on_mastodon":{"url":"https:\/\/pubeurope.com\/@de\/114721825972128943","error":""},"_links":{"self":[{"href":"https:\/\/www.europesays.com\/de\/wp-json\/wp\/v2\/posts\/208004","targetHints":{"allow":["GET"]}}],"collection":[{"href":"https:\/\/www.europesays.com\/de\/wp-json\/wp\/v2\/posts"}],"about":[{"href":"https:\/\/www.europesays.com\/de\/wp-json\/wp\/v2\/types\/post"}],"author":[{"embeddable":true,"href":"https:\/\/www.europesays.com\/de\/wp-json\/wp\/v2\/users\/2"}],"replies":[{"embeddable":true,"href":"https:\/\/www.europesays.com\/de\/wp-json\/wp\/v2\/comments?post=208004"}],"version-history":[{"count":0,"href":"https:\/\/www.europesays.com\/de\/wp-json\/wp\/v2\/posts\/208004\/revisions"}],"wp:featuredmedia":[{"embeddable":true,"href":"https:\/\/www.europesays.com\/de\/wp-json\/wp\/v2\/media\/208005"}],"wp:attachment":[{"href":"https:\/\/www.europesays.com\/de\/wp-json\/wp\/v2\/media?parent=208004"}],"wp:term":[{"taxonomy":"category","embeddable":true,"href":"https:\/\/www.europesays.com\/de\/wp-json\/wp\/v2\/categories?post=208004"},{"taxonomy":"post_tag","embeddable":true,"href":"https:\/\/www.europesays.com\/de\/wp-json\/wp\/v2\/tags?post=208004"}],"curies":[{"name":"wp","href":"https:\/\/api.w.org\/{rel}","templated":true}]}}