{"id":208242,"date":"2025-06-21T16:36:10","date_gmt":"2025-06-21T16:36:10","guid":{"rendered":"https:\/\/www.europesays.com\/de\/208242\/"},"modified":"2025-06-21T16:36:10","modified_gmt":"2025-06-21T16:36:10","slug":"exilgruppe-protest-in-berlin-gegen-fuehrung-des-irans-politik","status":"publish","type":"post","link":"https:\/\/www.europesays.com\/de\/208242\/","title":{"rendered":"Exilgruppe &#8211; Protest in Berlin gegen F\u00fchrung des Irans &#8211; Politik"},"content":{"rendered":"<p data-manual=\"paragraph\" data-schema-org-speakable=\"true\" class=\"css-1ylqqlw\">Berlin (dpa) &#8211; Hunderte Menschen haben in Berlin f\u00fcr einen Sturz der islamischen F\u00fchrung im <a href=\"https:\/\/www.sueddeutsche.de\/thema\/Iran\" target=\"_blank\" rel=\"noopener\">Iran<\/a> demonstriert. Die Polizei sprach von 1.300 Teilnehmerinnen und Teilnehmern vor dem Roten Rathaus, dem Sitz des Regierenden B\u00fcrgermeisters Kai Wegner (CDU). Zur Kundgebung aufgerufen hatte die Exilgruppe Nationaler Widerstandsrat Iran. Sie sprach von mehreren Tausend Demonstrierenden.<\/p>\n<p data-manual=\"paragraph\" data-schema-org-speakable=\"true\" class=\"css-1ylqqlw\">Die Gruppe fordert einen durch die iranische Bev\u00f6lkerung herbeigef\u00fchrten Regimewechsel. Der Westen solle seine Beziehungen zu Teheran abbrechen, sagte Sprecher Javad Dabiran. Die Menschen auf der Demo seien in 60 Bussen aus ganz <a href=\"https:\/\/www.sueddeutsche.de\/thema\/Deutschland\" target=\"_blank\" rel=\"noopener\">Deutschland<\/a> gekommen.<\/p>\n<p data-manual=\"paragraph\" data-schema-org-speakable=\"true\" class=\"css-1ylqqlw\">Der Nationale Widerstandsrat Iran entstand 1981 aus den sogenannten Volksmudschahedin. Die Exil-Gruppe hat sich zum Ziel gesetzt, das Herrschaftssystem im Iran zu st\u00fcrzen. Die Organisation ist jedoch umstritten und wird innerhalb und au\u00dferhalb des Irans auch von Oppositionellen gr\u00f6\u00dftenteils abgelehnt. Im Iran ist die Gruppe verboten.<\/p>\n<p data-manual=\"paragraph\" data-schema-org-speakable=\"true\" class=\"css-1ylqqlw\">\u00a9 dpa-infocom, dpa:250621-930-699398\/2<\/p>\n","protected":false},"excerpt":{"rendered":"Berlin (dpa) &#8211; Hunderte Menschen haben in Berlin f\u00fcr einen Sturz der islamischen F\u00fchrung im Iran demonstriert. Die&hellip;\n","protected":false},"author":2,"featured_media":208243,"comment_status":"","ping_status":"","sticky":false,"template":"","format":"standard","meta":{"footnotes":""},"categories":[1825],"tags":[296,507,29,30,345,5796,16,159,149],"class_list":{"0":"post-208242","1":"post","2":"type-post","3":"status-publish","4":"format-standard","5":"has-post-thumbnail","7":"category-berlin","8":"tag-berlin","9":"tag-demonstration","10":"tag-deutschland","11":"tag-germany","12":"tag-iran","13":"tag-naher-osten","14":"tag-politik","15":"tag-proteste","16":"tag-sueddeutsche-zeitung"},"share_on_mastodon":{"url":"https:\/\/pubeurope.com\/@de\/114722333547491416","error":""},"_links":{"self":[{"href":"https:\/\/www.europesays.com\/de\/wp-json\/wp\/v2\/posts\/208242","targetHints":{"allow":["GET"]}}],"collection":[{"href":"https:\/\/www.europesays.com\/de\/wp-json\/wp\/v2\/posts"}],"about":[{"href":"https:\/\/www.europesays.com\/de\/wp-json\/wp\/v2\/types\/post"}],"author":[{"embeddable":true,"href":"https:\/\/www.europesays.com\/de\/wp-json\/wp\/v2\/users\/2"}],"replies":[{"embeddable":true,"href":"https:\/\/www.europesays.com\/de\/wp-json\/wp\/v2\/comments?post=208242"}],"version-history":[{"count":0,"href":"https:\/\/www.europesays.com\/de\/wp-json\/wp\/v2\/posts\/208242\/revisions"}],"wp:featuredmedia":[{"embeddable":true,"href":"https:\/\/www.europesays.com\/de\/wp-json\/wp\/v2\/media\/208243"}],"wp:attachment":[{"href":"https:\/\/www.europesays.com\/de\/wp-json\/wp\/v2\/media?parent=208242"}],"wp:term":[{"taxonomy":"category","embeddable":true,"href":"https:\/\/www.europesays.com\/de\/wp-json\/wp\/v2\/categories?post=208242"},{"taxonomy":"post_tag","embeddable":true,"href":"https:\/\/www.europesays.com\/de\/wp-json\/wp\/v2\/tags?post=208242"}],"curies":[{"name":"wp","href":"https:\/\/api.w.org\/{rel}","templated":true}]}}