{"id":208572,"date":"2025-06-21T19:38:23","date_gmt":"2025-06-21T19:38:23","guid":{"rendered":"https:\/\/www.europesays.com\/de\/208572\/"},"modified":"2025-06-21T19:38:23","modified_gmt":"2025-06-21T19:38:23","slug":"braunschweig-erwartet-32-grad-wetterdienst-warnt-vor-hitzefalle","status":"publish","type":"post","link":"https:\/\/www.europesays.com\/de\/208572\/","title":{"rendered":"Braunschweig erwartet 32 Grad \u2013 Wetterdienst warnt vor Hitzefalle"},"content":{"rendered":"<p>N\u00e4chtliche Abk\u00fchlung bleibt aus <\/p>\n<p>Braunschweig erwartet 32 Grad \u2013 DWD warnt vor Hitzefalle<\/p>\n<p>21.06.2025 &#8211; 16:12 UhrLesedauer: 1 Min.<\/p>\n<p><a href=\"#focus-0\" class=\"transition-colors duration-200 focus-within:text-magenta block text-current relative\" data-sctrack=\"FocusGalleryImage.Reference\"><img fetchpriority=\"high\" data-testid=\"Opener.Image\" style=\"--lqipURL:url('https:\/\/images.t-online.de\/2025\/06\/NMBQEte4UcOF\/0x263:4000x2250\/fit-in\/150x0\/filters:blur(25)\/das-altstadtrathaus-wird-von-der-sonne-angestrahlt-archivbild-bei-hohen-temperaturen-wie-am-sonntag-empfiehlt-es-sich-direkte-sonnenstrahlen-zu-vermeiden.jpg')\"   loading=\"eager\" src=\"https:\/\/www.europesays.com\/de\/wp-content\/uploads\/2025\/06\/das-altstadtrathaus-wird-von-der-sonne-angestrahlt-archivbild-bei-hohen-temperaturen-wie-am-sonntag-.jpeg\" alt=\"imago images 0766032271\" title=\"imago images 0766032271\" width=\"4000\" height=\"2250\" class=\"bg-[url:var(--lqipURL)] bg-cover bg-center flex h-full w-full max-w-full\" decoding=\"async\"\/><img style=\"--width:32;--height:32\" loading=\"lazy\" src=\"https:\/\/www.t-online.de\/s\/paper\/_next\/static\/media\/zoom-in.f7dae02f.svg\" alt=\"Vergr\u00f6\u00dfern des Bildes\" title=\"Vergr\u00f6\u00dfern des Bildes\" class=\"block h-[calc(var(--height)_\/_16_*_1rem)] w-[calc(var(--width)_\/_16_*_1rem)] max-w-none absolute bottom-8 right-8 rounded-4 bg-snow p-8\" decoding=\"async\"\/><\/a><\/p>\n<p>Das Altstadtrathaus wird von der Sonne angestrahlt (Archivbild): Bei hohen Temperaturen wie am Sonntag empfiehlt es sich, direkte Sonnenstrahlen zu vermeiden. (Quelle: IMAGO\/ Stefan Ziese)<\/p>\n<p class=\"font-bold text-18 leading-17\">In Braunschweig warnt der DWD vor starker Hitze am Sonntag. Besonders im Stadtzentrum versch\u00e4rft sich die Lage durch aufgeheizte N\u00e4chte.<\/p>\n<p class=\"text-18 leading-17\">Die Temperaturen steigen, und auch nachts bleibt es unangenehm warm \u2013 in <a class=\"transition-colors duration-200 cursor-pointer text-inherit no-underline text-salemsfur md:hover:text-magenta md:hover:border-magenta md:focus:text-magenta border-current border-b border-solid break-words\" href=\"https:\/\/www.t-online.de\/themen\/braunschweig\/\" data-sctrack=\"BodyAnchor\" rel=\"nofollow noopener\" target=\"_blank\">Braunschweig<\/a> gibt der Deutsche Wetterdienst (DWD) eine amtliche Warnung der Stufe 1 vor starker W\u00e4rmebelastung heraus. Betroffen sind insbesondere die dicht bebauten Stadtbereiche.<\/p>\n<p class=\"text-18 leading-17\">Der w\u00e4rmste Abschnitt des Tages wird f\u00fcr den Sonntagnachmittag zwischen 15 und 16 Uhr prognostiziert. Die Temperatur kann dann auf bis zu 32,6 Grad steigen. Das Stadtklima beg\u00fcnstigt zus\u00e4tzlich das Aufheizen von Geb\u00e4uden, was zu einer verl\u00e4ngerten Belastung bis in die Nacht f\u00fchrt.<\/p>\n<p class=\"text-18 leading-17\"><strong class=\"font-bold\">Hitze in Braunschweig: So behalten Sie einen k\u00fchlen Kopf<\/strong><\/p>\n<p class=\"text-18 leading-17\">Fr\u00fchmorgens sto\u00dfl\u00fcften, tags\u00fcber Fenster geschlossen halten und abdunkeln. K\u00fchlende Duschen, feuchte T\u00fccher und leichte Mahlzeiten helfen zus\u00e4tzlich. Besonders wichtig ist regelm\u00e4\u00dfiges Trinken \u2013 am besten Wasser oder unges\u00fc\u00dfte Tees.<\/p>\n<p class=\"text-18 leading-17\">Auch nach dem Wochenende bleibt die Wetterlage sommerlich und trocken. Eine Abk\u00fchlung ist laut DWD derzeit nicht zu erwarten. Hitzeschutz bleibt daher auch in den kommenden Tagen ein wichtiges Thema.<\/p>\n","protected":false},"excerpt":{"rendered":"N\u00e4chtliche Abk\u00fchlung bleibt aus Braunschweig erwartet 32 Grad \u2013 DWD warnt vor Hitzefalle 21.06.2025 &#8211; 16:12 UhrLesedauer: 1&hellip;\n","protected":false},"author":2,"featured_media":208573,"comment_status":"","ping_status":"","sticky":false,"template":"","format":"standard","meta":{"footnotes":""},"categories":[1850],"tags":[722,67556,6429,3364,29,4906,548,663,3934,30,13,67555,14,15,1411,12],"class_list":{"0":"post-208572","1":"post","2":"type-post","3":"status-publish","4":"format-standard","5":"has-post-thumbnail","7":"category-braunschweig","8":"tag-722","9":"tag-altstadtrathaus","10":"tag-braunschweig","11":"tag-de","12":"tag-deutschland","13":"tag-dwd","14":"tag-eu","15":"tag-europa","16":"tag-europe","17":"tag-germany","18":"tag-headlines","19":"tag-hitzefalle","20":"tag-nachrichten","21":"tag-news","22":"tag-niedersachsen","23":"tag-schlagzeilen"},"share_on_mastodon":{"url":"https:\/\/pubeurope.com\/@de\/114723049001224849","error":""},"_links":{"self":[{"href":"https:\/\/www.europesays.com\/de\/wp-json\/wp\/v2\/posts\/208572","targetHints":{"allow":["GET"]}}],"collection":[{"href":"https:\/\/www.europesays.com\/de\/wp-json\/wp\/v2\/posts"}],"about":[{"href":"https:\/\/www.europesays.com\/de\/wp-json\/wp\/v2\/types\/post"}],"author":[{"embeddable":true,"href":"https:\/\/www.europesays.com\/de\/wp-json\/wp\/v2\/users\/2"}],"replies":[{"embeddable":true,"href":"https:\/\/www.europesays.com\/de\/wp-json\/wp\/v2\/comments?post=208572"}],"version-history":[{"count":0,"href":"https:\/\/www.europesays.com\/de\/wp-json\/wp\/v2\/posts\/208572\/revisions"}],"wp:featuredmedia":[{"embeddable":true,"href":"https:\/\/www.europesays.com\/de\/wp-json\/wp\/v2\/media\/208573"}],"wp:attachment":[{"href":"https:\/\/www.europesays.com\/de\/wp-json\/wp\/v2\/media?parent=208572"}],"wp:term":[{"taxonomy":"category","embeddable":true,"href":"https:\/\/www.europesays.com\/de\/wp-json\/wp\/v2\/categories?post=208572"},{"taxonomy":"post_tag","embeddable":true,"href":"https:\/\/www.europesays.com\/de\/wp-json\/wp\/v2\/tags?post=208572"}],"curies":[{"name":"wp","href":"https:\/\/api.w.org\/{rel}","templated":true}]}}