{"id":208816,"date":"2025-06-21T21:58:34","date_gmt":"2025-06-21T21:58:34","guid":{"rendered":"https:\/\/www.europesays.com\/de\/208816\/"},"modified":"2025-06-21T21:58:34","modified_gmt":"2025-06-21T21:58:34","slug":"dwd-warnt-vor-starker-hitze-auch-in-der-nacht","status":"publish","type":"post","link":"https:\/\/www.europesays.com\/de\/208816\/","title":{"rendered":"DWD warnt vor starker Hitze, auch in der Nacht"},"content":{"rendered":"<p>Am Sonntag <\/p>\n<p>DWD warnt: Starke Hitze in Hamburg mit n\u00e4chtlicher Belastung<\/p>\n<p>21.06.2025 &#8211; 15:41 UhrLesedauer: 1 Min.<\/p>\n<p><a href=\"#focus-0\" class=\"transition-colors duration-200 focus-within:text-magenta block text-current relative\" data-sctrack=\"FocusGalleryImage.Reference\"><img fetchpriority=\"high\" data-testid=\"Opener.Image\" style=\"--lqipURL:url('https:\/\/images.t-online.de\/2025\/06\/8N7lYcbYR4Sz\/0x417:4000x2250\/fit-in\/150x0\/filters:blur(25)\/menschen-spazieren-auf-der-jan-fedder-promenade-im-hintergrund-ist-die-elbphilharmonie-zu-sehen-archivbild-am-sonntag-kann-es-zu-sehr-hohen-temperaturen-in-der-hansestadt-kommen.jpg')\"   loading=\"eager\" src=\"https:\/\/www.europesays.com\/de\/wp-content\/uploads\/2025\/06\/menschen-spazieren-auf-der-jan-fedder-promenade-im-hintergrund-ist-die-elbphilharmonie-zu-sehen-arch.jpeg\" alt=\"imago images 0822224464\" title=\"imago images 0822224464\" width=\"4000\" height=\"2250\" class=\"bg-[url:var(--lqipURL)] bg-cover bg-center flex h-full w-full max-w-full\" decoding=\"async\"\/><img style=\"--width:32;--height:32\" loading=\"lazy\" src=\"https:\/\/hamburg.t-online.de\/s\/paper\/_next\/static\/media\/zoom-in.f7dae02f.svg\" alt=\"Vergr\u00f6\u00dfern des Bildes\" title=\"Vergr\u00f6\u00dfern des Bildes\" class=\"block h-[calc(var(--height)_\/_16_*_1rem)] w-[calc(var(--width)_\/_16_*_1rem)] max-w-none absolute bottom-8 right-8 rounded-4 bg-snow p-8\" decoding=\"async\"\/><\/a><\/p>\n<p>Menschen spazieren auf der Jan-Fedder-Promenade, im Hintergrund ist die Elbphilharmonie zu sehen (Archivbild): Am Sonntag kann es zu sehr hohen Temperaturen in der Hansestadt kommen. (Quelle: IMAGO \/ BODE)<\/p>\n<p class=\"font-bold text-18 leading-17\">Die hohen Temperaturen setzen Hamburg am Sonntag deutlich zu. In der Innenstadt versch\u00e4rft das Stadtklima die Hitzebelastung zus\u00e4tzlich.<\/p>\n<p class=\"text-18 leading-17\">Der Deutsche Wetterdienst (DWD) warnt f\u00fcr Sonntag vor starker Hitze in Hamburg. Besonders betroffen sind die dichter bebauten Stadtteile. Neben den hohen Tageswerten von mehr als 30 Grad kommt es dort zu einer verringerten n\u00e4chtlichen Abk\u00fchlung.<\/p>\n<p class=\"text-18 leading-17\">Die Warnung der Stufe 1 auf der dreistufigen Skala mag moderat erscheinen \u2013 doch in st\u00e4dtischen R\u00e4umen wie Hamburg-Mitte bleibt die Hitze oft in den Geb\u00e4uden gespeichert. Besonders Schlafr\u00e4ume unter dem Dach k\u00f6nnen sich extrem aufheizen und kaum ausk\u00fchlen. Das Risiko f\u00fcr gesundheitliche Probleme steigt deutlich.<\/p>\n<p class=\"text-18 leading-17\">Ausreichend trinken, Sonne meiden, R\u00e4ume abdunkeln und k\u00fchl halten. Wer kann, sollte k\u00f6rperliche Aktivit\u00e4ten in die fr\u00fchen Morgenstunden verlegen. Auch Haustiere sind anf\u00e4llig f\u00fcr Hitzestress und sollten nicht in abgestellten Fahrzeugen oder geschlossenen R\u00e4umen zur\u00fcckgelassen werden.<\/p>\n<p class=\"text-18 leading-17\">In den kommenden Tagen bleibt es sommerlich warm. Der DWD sieht derzeit keine deutliche Wetter\u00e4nderung \u2013 die Hitzephase h\u00e4lt voraussichtlich mindestens bis zur Wochenmitte an.<\/p>\n","protected":false},"excerpt":{"rendered":"Am Sonntag DWD warnt: Starke Hitze in Hamburg mit n\u00e4chtlicher Belastung 21.06.2025 &#8211; 15:41 UhrLesedauer: 1 Min. Menschen&hellip;\n","protected":false},"author":2,"featured_media":208817,"comment_status":"","ping_status":"","sticky":false,"template":"","format":"standard","meta":{"footnotes":""},"categories":[1826],"tags":[722,29,4906,9166,30,692,61772,52347,6848],"class_list":{"0":"post-208816","1":"post","2":"type-post","3":"status-publish","4":"format-standard","5":"has-post-thumbnail","7":"category-hamburg","8":"tag-722","9":"tag-deutschland","10":"tag-dwd","11":"tag-elbphilharmonie","12":"tag-germany","13":"tag-hamburg","14":"tag-hitzebelastung","15":"tag-stadtklima","16":"tag-temperatur"},"share_on_mastodon":{"url":"https:\/\/pubeurope.com\/@de\/114723599468635953","error":""},"_links":{"self":[{"href":"https:\/\/www.europesays.com\/de\/wp-json\/wp\/v2\/posts\/208816","targetHints":{"allow":["GET"]}}],"collection":[{"href":"https:\/\/www.europesays.com\/de\/wp-json\/wp\/v2\/posts"}],"about":[{"href":"https:\/\/www.europesays.com\/de\/wp-json\/wp\/v2\/types\/post"}],"author":[{"embeddable":true,"href":"https:\/\/www.europesays.com\/de\/wp-json\/wp\/v2\/users\/2"}],"replies":[{"embeddable":true,"href":"https:\/\/www.europesays.com\/de\/wp-json\/wp\/v2\/comments?post=208816"}],"version-history":[{"count":0,"href":"https:\/\/www.europesays.com\/de\/wp-json\/wp\/v2\/posts\/208816\/revisions"}],"wp:featuredmedia":[{"embeddable":true,"href":"https:\/\/www.europesays.com\/de\/wp-json\/wp\/v2\/media\/208817"}],"wp:attachment":[{"href":"https:\/\/www.europesays.com\/de\/wp-json\/wp\/v2\/media?parent=208816"}],"wp:term":[{"taxonomy":"category","embeddable":true,"href":"https:\/\/www.europesays.com\/de\/wp-json\/wp\/v2\/categories?post=208816"},{"taxonomy":"post_tag","embeddable":true,"href":"https:\/\/www.europesays.com\/de\/wp-json\/wp\/v2\/tags?post=208816"}],"curies":[{"name":"wp","href":"https:\/\/api.w.org\/{rel}","templated":true}]}}