{"id":209021,"date":"2025-06-21T23:57:03","date_gmt":"2025-06-21T23:57:03","guid":{"rendered":"https:\/\/www.europesays.com\/de\/209021\/"},"modified":"2025-06-21T23:57:03","modified_gmt":"2025-06-21T23:57:03","slug":"einbruch-in-tabakwarengeschaeft-polizei-sucht-zeugen","status":"publish","type":"post","link":"https:\/\/www.europesays.com\/de\/209021\/","title":{"rendered":"Einbruch in Tabakwarengesch\u00e4ft &#8211; Polizei sucht Zeugen"},"content":{"rendered":"<p class=\"bodytext\">Kirchlengern (ots) &#8211; (hd) Am heutigen Tage (20.06.2025) brachen bislang unbekannte T\u00e4ter in den fr\u00fchen Morgenstunden in ein Tabakwarengesch\u00e4ft in Kirchlengern ein. Die T\u00e4ter besch\u00e4digten um 03:20 Uhr ein Schaufenster des an der Stra\u00dfe In der Mark gelegenen Geb\u00e4udes und drangen in dieses ein. Durch die Gewalteinwirkung an dem Fenster entstand ein mindestens dreistelliger Schaden. Aus den Verkaufsr\u00e4umen wurden Tabakwaren entwendet. Der Wert dieser Gegenst\u00e4nde kann derzeit noch nicht n\u00e4her beziffert werden. Die Kriminalpolizei hat die Ermittlungen \u00fcbernommen. Zeugen, die am heutigen Morgen etwas Auff\u00e4lliges gesehen haben und Angaben zu dem Einbruch machen k\u00f6nnen, werden gebeten, sich unter 05221 \/ 888-0 zu melden.<\/p>\n<p>R\u00fcckfragen bitte an:<\/p>\n<p>Kreispolizeibeh\u00f6rde Herford Pressestelle Herford Telefon: 05221 888 1250 E-Mail: pressestelle.herford@polizei.nrw.de<\/p>\n<p> Original-Content von: Kreispolizeibeh\u00f6rde Herford, \u00fcbermittelt durch news aktuell<\/p>\n","protected":false},"excerpt":{"rendered":"Kirchlengern (ots) &#8211; (hd) Am heutigen Tage (20.06.2025) brachen bislang unbekannte T\u00e4ter in den fr\u00fchen Morgenstunden in ein&hellip;\n","protected":false},"author":2,"featured_media":31923,"comment_status":"","ping_status":"","sticky":false,"template":"","format":"standard","meta":{"footnotes":""},"categories":[1841],"tags":[1605,3364,29,30,1209,12925],"class_list":{"0":"post-209021","1":"post","2":"type-post","3":"status-publish","4":"format-standard","5":"has-post-thumbnail","7":"category-bielefeld","8":"tag-bielefeld","9":"tag-de","10":"tag-deutschland","11":"tag-germany","12":"tag-nordrhein-westfalen","13":"tag-polizeimeldungen"},"share_on_mastodon":{"url":"https:\/\/pubeurope.com\/@de\/114724067366659480","error":""},"_links":{"self":[{"href":"https:\/\/www.europesays.com\/de\/wp-json\/wp\/v2\/posts\/209021","targetHints":{"allow":["GET"]}}],"collection":[{"href":"https:\/\/www.europesays.com\/de\/wp-json\/wp\/v2\/posts"}],"about":[{"href":"https:\/\/www.europesays.com\/de\/wp-json\/wp\/v2\/types\/post"}],"author":[{"embeddable":true,"href":"https:\/\/www.europesays.com\/de\/wp-json\/wp\/v2\/users\/2"}],"replies":[{"embeddable":true,"href":"https:\/\/www.europesays.com\/de\/wp-json\/wp\/v2\/comments?post=209021"}],"version-history":[{"count":0,"href":"https:\/\/www.europesays.com\/de\/wp-json\/wp\/v2\/posts\/209021\/revisions"}],"wp:featuredmedia":[{"embeddable":true,"href":"https:\/\/www.europesays.com\/de\/wp-json\/wp\/v2\/media\/31923"}],"wp:attachment":[{"href":"https:\/\/www.europesays.com\/de\/wp-json\/wp\/v2\/media?parent=209021"}],"wp:term":[{"taxonomy":"category","embeddable":true,"href":"https:\/\/www.europesays.com\/de\/wp-json\/wp\/v2\/categories?post=209021"},{"taxonomy":"post_tag","embeddable":true,"href":"https:\/\/www.europesays.com\/de\/wp-json\/wp\/v2\/tags?post=209021"}],"curies":[{"name":"wp","href":"https:\/\/api.w.org\/{rel}","templated":true}]}}