{"id":209190,"date":"2025-06-22T01:36:23","date_gmt":"2025-06-22T01:36:23","guid":{"rendered":"https:\/\/www.europesays.com\/de\/209190\/"},"modified":"2025-06-22T01:36:23","modified_gmt":"2025-06-22T01:36:23","slug":"sam-griesel-verlaesst-bonn-nach-zwei-jahren","status":"publish","type":"post","link":"https:\/\/www.europesays.com\/de\/209190\/","title":{"rendered":"Sam Griesel verl\u00e4sst Bonn nach zwei Jahren"},"content":{"rendered":"<p>Sein bestes Bundesliga-Spiel f\u00fcr die Baskets markierte Griesel in der abgelaufenen Saison beim 85:81-Heimsieg \u00fcber die Basketball L\u00f6wen Braunschweig, als er 21 Punkte und sechs Rebounds auflegte. Allgemein konnte sich der sympathische Deutsch-Amerikaner nach seiner Rookie-Saison in Bonn (7,8 Punkte pro Spiel, 3,5 Rebounds pro Spiel) in seinem zweiten Jahr bei den Baskets nochmal steigern (9,8 PpS, 3,8 RpS). Nach dem Finaleinzug beim Intercontinental Cup in Singapur 2023 erreichte Griesel in seiner ersten Saison mit den Baskets auch das Viertelfinale der Basketball Champions League.\u00a0<\/p>\n<p>Sam Griesel verabschiedet sich mit emotionalen Worten:<strong> \u201eIch m\u00f6chte mich bei den Fans, dem Management, den Mitarbeitern und allen Beteiligten in der Familie der Telekom Baskets Bonn bedanken. Es f\u00fchlt sich wirklich wie eine Familie an und ich h\u00e4tte mir keine bessere Stadt und keinen besseren Verein vorstellen k\u00f6nnen, um meine Profikarriere zu beginnen. Bonn f\u00fchlt sich wie eine zweite Heimat an und wird immer einen besonderen Platz in meinem Herzen haben!\u201c<\/strong><\/p>\n<p>\u201eNach dem gro\u00dfen Umbruch im Sommer 2023 war Sam ein wichtiges Puzzleteil im neustrukturierten Team. Er hatte damals einige Angebote aus der Bundesliga und hat sich f\u00fcr Bonn als die beste Station entschieden, in der er sich weiterentwickeln kann. Das hat sich auch im Nachhinein denke ich als die richtige Entscheidung herausgestellt. Sam ist uns als Mensch und Spieler sehr ans Herz gewachsen\u201c, sagt Baskets-Sportdirektor Savo Milovic zum Abschied.<\/p>\n<p>Die Telekom Baskets Bonn w\u00fcnschen Sam Griesel alles Gute f\u00fcr die sportliche und pers\u00f6nliche Zukunft!<\/p>\n","protected":false},"excerpt":{"rendered":"Sein bestes Bundesliga-Spiel f\u00fcr die Baskets markierte Griesel in der abgelaufenen Saison beim 85:81-Heimsieg \u00fcber die Basketball L\u00f6wen&hellip;\n","protected":false},"author":2,"featured_media":209191,"comment_status":"","ping_status":"","sticky":false,"template":"","format":"standard","meta":{"footnotes":""},"categories":[1842],"tags":[4335,1741,3364,29,30,1209],"class_list":{"0":"post-209190","1":"post","2":"type-post","3":"status-publish","4":"format-standard","5":"has-post-thumbnail","7":"category-bonn","8":"tag-page-meta-keywords","9":"tag-bonn","10":"tag-de","11":"tag-deutschland","12":"tag-germany","13":"tag-nordrhein-westfalen"},"share_on_mastodon":{"url":"https:\/\/pubeurope.com\/@de\/114724456707789351","error":""},"_links":{"self":[{"href":"https:\/\/www.europesays.com\/de\/wp-json\/wp\/v2\/posts\/209190","targetHints":{"allow":["GET"]}}],"collection":[{"href":"https:\/\/www.europesays.com\/de\/wp-json\/wp\/v2\/posts"}],"about":[{"href":"https:\/\/www.europesays.com\/de\/wp-json\/wp\/v2\/types\/post"}],"author":[{"embeddable":true,"href":"https:\/\/www.europesays.com\/de\/wp-json\/wp\/v2\/users\/2"}],"replies":[{"embeddable":true,"href":"https:\/\/www.europesays.com\/de\/wp-json\/wp\/v2\/comments?post=209190"}],"version-history":[{"count":0,"href":"https:\/\/www.europesays.com\/de\/wp-json\/wp\/v2\/posts\/209190\/revisions"}],"wp:featuredmedia":[{"embeddable":true,"href":"https:\/\/www.europesays.com\/de\/wp-json\/wp\/v2\/media\/209191"}],"wp:attachment":[{"href":"https:\/\/www.europesays.com\/de\/wp-json\/wp\/v2\/media?parent=209190"}],"wp:term":[{"taxonomy":"category","embeddable":true,"href":"https:\/\/www.europesays.com\/de\/wp-json\/wp\/v2\/categories?post=209190"},{"taxonomy":"post_tag","embeddable":true,"href":"https:\/\/www.europesays.com\/de\/wp-json\/wp\/v2\/tags?post=209190"}],"curies":[{"name":"wp","href":"https:\/\/api.w.org\/{rel}","templated":true}]}}