{"id":209421,"date":"2025-06-22T03:46:09","date_gmt":"2025-06-22T03:46:09","guid":{"rendered":"https:\/\/www.europesays.com\/de\/209421\/"},"modified":"2025-06-22T03:46:09","modified_gmt":"2025-06-22T03:46:09","slug":"sek-nimmt-mutmasslichen-taeter-in-gerbstedt-bei-halle-fest","status":"publish","type":"post","link":"https:\/\/www.europesays.com\/de\/209421\/","title":{"rendered":"SEK nimmt mutma\u00dflichen T\u00e4ter in Gerbstedt bei Halle fest"},"content":{"rendered":"<p>SEK Einsatz in Mansfeld-S\u00fcdharz\u00a0Nach versuchtem Doppelmord: SEK nimmt mutma\u00dflichen T\u00e4ter in Gerbstedt bei Halle fest<\/p>\n<p class=\"fp-article-heading__excerpt text-lg\">Nach versuchtem Doppelmord bei Halle: Gesuchter Andy B. in Gerbstedt festgenommen. Kehrte der 37-j\u00e4hrige Tatverd\u00e4chtige zum Tatort zur\u00fcck, weil er Durst hatte? Was bisher \u00fcber den Zugriff bekannt ist.<\/p>\n<p>Von Marvin Matzulla Aktualisiert: 22.06.2025, 01:12<\/p>\n","protected":false},"excerpt":{"rendered":"SEK Einsatz in Mansfeld-S\u00fcdharz\u00a0Nach versuchtem Doppelmord: SEK nimmt mutma\u00dflichen T\u00e4ter in Gerbstedt bei Halle fest Nach versuchtem Doppelmord&hellip;\n","protected":false},"author":2,"featured_media":209422,"comment_status":"","ping_status":"","sticky":false,"template":"","format":"standard","meta":{"footnotes":""},"categories":[1860],"tags":[3364,29,548,663,3934,30,4062,17332,13,14,15,17331,860,12],"class_list":{"0":"post-209421","1":"post","2":"type-post","3":"status-publish","4":"format-standard","5":"has-post-thumbnail","7":"category-halle-saale","8":"tag-de","9":"tag-deutschland","10":"tag-eu","11":"tag-europa","12":"tag-europe","13":"tag-germany","14":"tag-halle","15":"tag-halle-saale","16":"tag-headlines","17":"tag-nachrichten","18":"tag-news","19":"tag-saale","20":"tag-sachsen-anhalt","21":"tag-schlagzeilen"},"share_on_mastodon":{"url":"https:\/\/pubeurope.com\/@de\/114724967763208843","error":""},"_links":{"self":[{"href":"https:\/\/www.europesays.com\/de\/wp-json\/wp\/v2\/posts\/209421","targetHints":{"allow":["GET"]}}],"collection":[{"href":"https:\/\/www.europesays.com\/de\/wp-json\/wp\/v2\/posts"}],"about":[{"href":"https:\/\/www.europesays.com\/de\/wp-json\/wp\/v2\/types\/post"}],"author":[{"embeddable":true,"href":"https:\/\/www.europesays.com\/de\/wp-json\/wp\/v2\/users\/2"}],"replies":[{"embeddable":true,"href":"https:\/\/www.europesays.com\/de\/wp-json\/wp\/v2\/comments?post=209421"}],"version-history":[{"count":0,"href":"https:\/\/www.europesays.com\/de\/wp-json\/wp\/v2\/posts\/209421\/revisions"}],"wp:featuredmedia":[{"embeddable":true,"href":"https:\/\/www.europesays.com\/de\/wp-json\/wp\/v2\/media\/209422"}],"wp:attachment":[{"href":"https:\/\/www.europesays.com\/de\/wp-json\/wp\/v2\/media?parent=209421"}],"wp:term":[{"taxonomy":"category","embeddable":true,"href":"https:\/\/www.europesays.com\/de\/wp-json\/wp\/v2\/categories?post=209421"},{"taxonomy":"post_tag","embeddable":true,"href":"https:\/\/www.europesays.com\/de\/wp-json\/wp\/v2\/tags?post=209421"}],"curies":[{"name":"wp","href":"https:\/\/api.w.org\/{rel}","templated":true}]}}