{"id":209427,"date":"2025-06-22T03:49:19","date_gmt":"2025-06-22T03:49:19","guid":{"rendered":"https:\/\/www.europesays.com\/de\/209427\/"},"modified":"2025-06-22T03:49:19","modified_gmt":"2025-06-22T03:49:19","slug":"59-jaehrige-kracht-in-limbach-oberfrohna-in-stromkasten-und-haus-fahrerin-leicht-verletzt-2","status":"publish","type":"post","link":"https:\/\/www.europesays.com\/de\/209427\/","title":{"rendered":"59-J\u00e4hrige kracht in Limbach-Oberfrohna in Stromkasten und Haus: Fahrerin leicht verletzt"},"content":{"rendered":"<p>\t\t\t59-J\u00e4hrige kracht in Limbach-Oberfrohna in Stromkasten und Haus: Fahrerin leicht verletzt<br \/>\n\t\t\t\t\t\t\t\t\t\t\t\t<b>Blaulicht<\/b> Die Polizei ist noch vor Ort und nimmt den Unfall auf<\/p>\n<p>\t\t\t\t\t\t\t\t\t\t<img loading=\"lazy\" decoding=\"async\" src=\"https:\/\/www.europesays.com\/de\/wp-content\/uploads\/2025\/04\/josri_M50x50.png\"  alt=\"Josephine Riedel\" width=\"50\" height=\"50\"\/><\/p>\n<p>\t\t\t\t<a id=\"whatsapp_channel_link\" href=\"https:\/\/whatsapp.com\/channel\/0029Va6RBvnLY6dCNLfeAA0c\" data-ct=\"SHARE\/WHATSAPPKANAL\" target=\"_blank\" rel=\"noopener\"><br \/>\n\t\t\t\t\t<img decoding=\"async\" alt=\"Zum Blick WhatsApp Kanal\" src=\"https:\/\/www.blick.de\/img\/WhatsApp-Kanal.svg\"\/><br \/>\n\t\t\t\t<\/a><\/p>\n<ul class=\"gallery-items\">\n<li class=\"img gallery-item\">\n<p>\t\t\t\t\t\t\t\t\t\t\t\t\t\t\t\t\t\t\t\t\t\t\t\t\t\t\t\t\t\t\t\t\t\t\t\t\t\t\t\t\t\t\t\t\t\t<img decoding=\"async\" class=\"media-image \" loading=\"eager\" src=\"https:\/\/www.europesays.com\/de\/wp-content\/uploads\/2025\/06\/16786301_W400C740x499o0x0.jpg\" alt=\"59-J\u00e4hrige kracht in Limbach-Oberfrohna in Stromkasten und Haus: Fahrerin leicht verletzt - Symbolbild.\"   style=\"&#10;&#9;&#9;&#9;aspect-ratio:740\/499;&#10;&#9;&#9;&#9;background: url(data:image\/jpg;base64,\/9j\/4AAQSkZJRgABAQEBLAEsAAD\/2wBDAAUDBAQEAwUEBAQFBQUGBwwIBwcHBw8LCwkMEQ8SEhEPERETFhwXExQaFRERGCEYGh0dHx8fExciJCIeJBweHx7\/2wBDAQUFBQcGBw4ICA4eFBEUHh4eHh4eHh4eHh4eHh4eHh4eHh4eHh4eHh4eHh4eHh4eHh4eHh4eHh4eHh4eHh4eHh7\/wAARCAAHAAoDAREAAhEBAxEB\/8QAFAABAAAAAAAAAAAAAAAAAAAABv\/EAB4QAAICAgIDAAAAAAAAAAAAAAEDAgQFBgAhESIx\/8QAFgEBAQEAAAAAAAAAAAAAAAAABAUG\/8QAJxEAAgAEAgsBAAAAAAAAAAAAAQIAAwQRITEFEhMyQVFhkaLR4fD\/2gAMAwEAAhEDEQA\/AB2j5fUGtqYx+LF6SakKz1RbJALBEAyACyD5IJPt2TzX6IkrKRpjtZr4G2tYcsx+vE6rZmASXlx6mEtnRcVYstsS05hk2ZmSLqwOyT184jb04wD+J9wMLUW3R3+R\/9k=) no-repeat left top; background-size: cover;&#9;&#9;&#9;height: 100%;&#9;&#9;\"\/><\/p>\n<p>\n\t\t\t\t\t\t\t\t\tSymbolbild. Foto: Ronny K\u00fcttner\/Adobe Stock\n\t\t\t\t\t\t\t\t<\/p>\n<\/li>\n<\/ul>\n<p>\t\t\t\t\t\t\t\t\t\t\t\t\t\t\t\t\t\t\t\t\t\t\t\t<b class=\"ortsmarke\">Limbach-Oberfrohna.<\/b>\u00a0<\/p>\n<p>In <a href=\"https:\/\/www.blick.de\/thema\/ort\/limbach-oberfrohna\" title=\"Limbach-Oberfrohna\" class=\"internal-article-link\" data-ct=\"ENTITY\/LOCATION\/LIMBACH-OBERFROHNA\" target=\"_blank\" rel=\"noopener\">Limbach-Oberfrohna<\/a> kam es am Freitagnachmittag zu einem Verkehrsunfall.<\/p>\n<p>\t\t\t\t\t\t\t\t\t\t\t\t\t\t\t\t\t\tErste Informationen<\/p>\n<p>Wie die Polizeidirektion <a href=\"https:\/\/www.blick.de\/thema\/ort\/zwickau\" title=\"Zwickau\" class=\"internal-article-link\" data-ct=\"ENTITY\/LOCATION\/ZWICKAU\" target=\"_blank\" rel=\"noopener\">Zwickau<\/a> gegen\u00fcber BLICK.de angab, ist ein PKW auf der Stra\u00dfe des Friedens, in der H\u00f6he der Pestalozziestra\u00dfe, mit einem Kabelverzweigerkasten zusammengesto\u00dfen.<\/p>\n<p>Die Unfallursache und ob Personen verletzt wurden ist derzeit nicht klar. Die Unfallaufnahme l\u00e4uft noch an.<\/p>\n<p>\t\t\t\t\t\t\t\t\t\t\t\t\t\t\t\t\t\tUpdate, 19.16 Uhr<\/p>\n<p>Auf BLICK.de-Nachfrage teilte die Polizeidirektion Zwickau mit, dass die 59-j\u00e4hrige Fahrerin eines VW Golf die Stra\u00dfe des Friedens aus Richtung J\u00e4gerstra\u00dfe in Richtung Hainstra\u00dfe befuhr. Aus noch ungekl\u00e4rter Ursache stie\u00df sie mit einem Gel\u00e4nder, einem <a href=\"https:\/\/www.blick.de\/thema\/schlagwort\/stromkasten\" title=\"Stromkasten\" class=\"internal-article-link\" data-ct=\"ENTITY\/KEYWORD\/STROMKASTEN\" target=\"_blank\" rel=\"noopener\">Stromkasten<\/a> und einer Hauswand zusammen. Die Fahrerin wurde leicht verletzt. Das Fahrzeug hat einen Totalschaden und der Sachschaden betr\u00e4gt 30.000 Euro<\/p>\n","protected":false},"excerpt":{"rendered":"59-J\u00e4hrige kracht in Limbach-Oberfrohna in Stromkasten und Haus: Fahrerin leicht verletzt Blaulicht Die Polizei ist noch vor Ort&hellip;\n","protected":false},"author":2,"featured_media":206532,"comment_status":"","ping_status":"","sticky":false,"template":"","format":"standard","meta":{"footnotes":""},"categories":[1851],"tags":[2770,3364,29,548,663,3934,30,13,14,15,859,12],"class_list":{"0":"post-209427","1":"post","2":"type-post","3":"status-publish","4":"format-standard","5":"has-post-thumbnail","7":"category-chemnitz","8":"tag-chemnitz","9":"tag-de","10":"tag-deutschland","11":"tag-eu","12":"tag-europa","13":"tag-europe","14":"tag-germany","15":"tag-headlines","16":"tag-nachrichten","17":"tag-news","18":"tag-sachsen","19":"tag-schlagzeilen"},"share_on_mastodon":{"url":"https:\/\/pubeurope.com\/@de\/114724979686204562","error":""},"_links":{"self":[{"href":"https:\/\/www.europesays.com\/de\/wp-json\/wp\/v2\/posts\/209427","targetHints":{"allow":["GET"]}}],"collection":[{"href":"https:\/\/www.europesays.com\/de\/wp-json\/wp\/v2\/posts"}],"about":[{"href":"https:\/\/www.europesays.com\/de\/wp-json\/wp\/v2\/types\/post"}],"author":[{"embeddable":true,"href":"https:\/\/www.europesays.com\/de\/wp-json\/wp\/v2\/users\/2"}],"replies":[{"embeddable":true,"href":"https:\/\/www.europesays.com\/de\/wp-json\/wp\/v2\/comments?post=209427"}],"version-history":[{"count":0,"href":"https:\/\/www.europesays.com\/de\/wp-json\/wp\/v2\/posts\/209427\/revisions"}],"wp:featuredmedia":[{"embeddable":true,"href":"https:\/\/www.europesays.com\/de\/wp-json\/wp\/v2\/media\/206532"}],"wp:attachment":[{"href":"https:\/\/www.europesays.com\/de\/wp-json\/wp\/v2\/media?parent=209427"}],"wp:term":[{"taxonomy":"category","embeddable":true,"href":"https:\/\/www.europesays.com\/de\/wp-json\/wp\/v2\/categories?post=209427"},{"taxonomy":"post_tag","embeddable":true,"href":"https:\/\/www.europesays.com\/de\/wp-json\/wp\/v2\/tags?post=209427"}],"curies":[{"name":"wp","href":"https:\/\/api.w.org\/{rel}","templated":true}]}}