{"id":210000,"date":"2025-06-22T09:23:09","date_gmt":"2025-06-22T09:23:09","guid":{"rendered":"https:\/\/www.europesays.com\/de\/210000\/"},"modified":"2025-06-22T09:23:09","modified_gmt":"2025-06-22T09:23:09","slug":"augsburg-koerperliche-auseinandersetzung-in-hochzoll-regional","status":"publish","type":"post","link":"https:\/\/www.europesays.com\/de\/210000\/","title":{"rendered":"Augsburg: K\u00f6rperliche Auseinandersetzung in Hochzoll | Regional"},"content":{"rendered":"<p>Augsburg \u2013 <b>Ein Streit zwischen einem 50-J\u00e4hrigen und einem 19-J\u00e4hrigen hat am 21.06.2025 in der Friedberger Stra\u00dfe die Polizei auf den Plan gerufen.<\/b><\/p>\n<p>Passanten alarmierten um 23:00 Uhr die Beamten, nachdem es zu einer k\u00f6rperlichen Auseinandersetzung gekommen war. Zahlreiche Einsatzkr\u00e4fte r\u00fcckten aus. Vor Ort entdeckten sie den 19-J\u00e4hrigen, w\u00e4hrend der 50-J\u00e4hrige in der N\u00e4he gefasst wurde. Die Ermittlungen ergaben, dass der \u00e4ltere Mann den j\u00fcngeren geschlagen hatte. Entgegen erster Meldungen war keine Waffe im Spiel.<\/p>\n<p>Da der 50-J\u00e4hrige offenbar in einer psychischen Ausnahmesituation war, wurde er ins Krankenhaus eingeliefert. Die Polizei ermittelt nun wegen K\u00f6rperverletzung.<\/p>\n<p>Dieser Text basiert auf einer offiziellen Beh\u00f6rden-Information und wurde mit Hilfe von KI erstellt.<\/p>\n","protected":false},"excerpt":{"rendered":"Augsburg \u2013 Ein Streit zwischen einem 50-J\u00e4hrigen und einem 19-J\u00e4hrigen hat am 21.06.2025 in der Friedberger Stra\u00dfe die&hellip;\n","protected":false},"author":2,"featured_media":176944,"comment_status":"","ping_status":"","sticky":false,"template":"","format":"standard","meta":{"footnotes":""},"categories":[1846],"tags":[680,772,3364,29,548,663,3934,30,1000,13,2509,14,15,121,12,45,1995],"class_list":{"0":"post-210000","1":"post","2":"type-post","3":"status-publish","4":"format-standard","5":"has-post-thumbnail","7":"category-augsburg","8":"tag-augsburg","9":"tag-bayern","10":"tag-de","11":"tag-deutschland","12":"tag-eu","13":"tag-europa","14":"tag-europe","15":"tag-germany","16":"tag-gewalt","17":"tag-headlines","18":"tag-ki-ots","19":"tag-nachrichten","20":"tag-news","21":"tag-polizei","22":"tag-schlagzeilen","23":"tag-texttospeech","24":"tag-verbrechen"},"share_on_mastodon":{"url":"https:\/\/pubeurope.com\/@de\/114726292960044265","error":""},"_links":{"self":[{"href":"https:\/\/www.europesays.com\/de\/wp-json\/wp\/v2\/posts\/210000","targetHints":{"allow":["GET"]}}],"collection":[{"href":"https:\/\/www.europesays.com\/de\/wp-json\/wp\/v2\/posts"}],"about":[{"href":"https:\/\/www.europesays.com\/de\/wp-json\/wp\/v2\/types\/post"}],"author":[{"embeddable":true,"href":"https:\/\/www.europesays.com\/de\/wp-json\/wp\/v2\/users\/2"}],"replies":[{"embeddable":true,"href":"https:\/\/www.europesays.com\/de\/wp-json\/wp\/v2\/comments?post=210000"}],"version-history":[{"count":0,"href":"https:\/\/www.europesays.com\/de\/wp-json\/wp\/v2\/posts\/210000\/revisions"}],"wp:featuredmedia":[{"embeddable":true,"href":"https:\/\/www.europesays.com\/de\/wp-json\/wp\/v2\/media\/176944"}],"wp:attachment":[{"href":"https:\/\/www.europesays.com\/de\/wp-json\/wp\/v2\/media?parent=210000"}],"wp:term":[{"taxonomy":"category","embeddable":true,"href":"https:\/\/www.europesays.com\/de\/wp-json\/wp\/v2\/categories?post=210000"},{"taxonomy":"post_tag","embeddable":true,"href":"https:\/\/www.europesays.com\/de\/wp-json\/wp\/v2\/tags?post=210000"}],"curies":[{"name":"wp","href":"https:\/\/api.w.org\/{rel}","templated":true}]}}