{"id":210114,"date":"2025-06-22T10:25:11","date_gmt":"2025-06-22T10:25:11","guid":{"rendered":"https:\/\/www.europesays.com\/de\/210114\/"},"modified":"2025-06-22T10:25:11","modified_gmt":"2025-06-22T10:25:11","slug":"das-junge-buch-fuer-stadt-grosse-eroeffnung-und-alle-termine","status":"publish","type":"post","link":"https:\/\/www.europesays.com\/de\/210114\/","title":{"rendered":"Das Junge Buch f\u00fcr Stadt Gro\u00dfe Er\u00f6ffnung und alle Termine"},"content":{"rendered":"<p class=\"dm-paragraph my-8 dm-article-content-width\" index=\"0\" should-collapse-on-mobile=\"true\" has-padding=\"\" data-v-586984a4=\"\">\u201eZ\u00e4hneputzen nicht vergessen\u201c, \u201eKeinen Film mehr gucken\u201c, \u201eSei nett zu Deiner kleinen Schwester\u201c und \u201eAuf dem K\u00fcchentisch steht Vollkornbrot und Paprika und Salat\u201c. Wenn die Eltern abends ausgehen, \u00e4hneln sich die Ermahnungen. Und am Ende sitzen die Kinder dann doch vor dem Fernseher und stopfen Chips und Kekse in sich rein \u2013 so ist es zumindest bei Boris und Celeste, die zum ersten Mal ganz alleine zu Hause bleiben.<\/p>\n<p class=\"dm-paragraph my-8 dm-article-content-width\" index=\"1\" should-collapse-on-mobile=\"true\" has-padding=\"\" data-v-586984a4=\"\">Boris, so etwa 8,9 Jahre alt, macht sich erstmal einen Vampirfilm an. Aber die kleine Celeste \u2013 vielleicht drei oder vier \u2013 besteht auf ihrer Gutenachtgeschichte. Boris ist genervt. \u201eWas f\u00fcr eine Geschichte soll ich erz\u00e4hlen?\u201c, fragt er suggestiv: \u201eEine f\u00fcr kleine Babys? Oder eine Gruselgeschichte\u201c. Da kann es nur eine Antwort geben. Und Boris gibt alles, um der kleinen Schwester Angst einzujagen: Gespenster, Riesenkr\u00f6ten, Monsterechsen, Ungeheuer, eine Dame ohne Kopf. Aber egal, wie verzweifelt er sich reinh\u00e4ngt, Celeste bleibt vollkommen unbeeindruckt: \u201eLangweilig!\u201c.\u00a0<\/p>\n<p class=\"dm-paragraph my-8 dm-article-content-width\" index=\"2\" should-collapse-on-mobile=\"true\" has-padding=\"\" data-v-586984a4=\"\">Das ist die Handlung von \u201eGutenachtgeschichten f\u00fcr Celeste\u201c, das in diesem Jahr als \u201eJunges Buch f\u00fcr die Stadt\u201c vom 22. bis zum 28. Juni im Zentrum vieler Veranstaltungen steht. Aber der eigentliche Clou des Buchs sind die Bilder. Denn die stammen von zwei unterschiedlichen Zeichnern und k\u00f6nnten stilistisch kaum unterschiedlicher sein.<\/p>\n<p>Die Freunde wollten schon lange ein gemeinsames Buch machen<\/p>\n<p class=\"dm-paragraph my-8 dm-article-content-width\" index=\"4\" should-collapse-on-mobile=\"true\" has-padding=\"\" data-v-586984a4=\"\">Der K\u00f6lner Nikolaus Heidelbach und der Hamburger Ole K\u00f6nnecke sind schon lange befreundet. Und die Idee, mal ein gemeinsames Buch zu machen, gibt es auch schon l\u00e4nger. Aber daf\u00fcr brauchte es eine Geschichte, die passt. Und das ist \u201eGutenachtgeschichten f\u00fcr Celeste\u201c. Die linken Seiten geh\u00f6ren den d\u00fcsteren Bildern von Nikolaus Heidelbach, die wirklich sehr gruselig sind \u2013 egal was Celeste sagt. Die rechten Seiten hat Ole K\u00f6nnecke mit seinem klaren, humorvollen und comichaften Strich gezeichnet und geschrieben.<\/p>\n<p class=\"dm-paragraph my-8 dm-article-content-width\" index=\"5\" should-collapse-on-mobile=\"true\" has-padding=\"\" data-v-586984a4=\"\">Das Aufeinanderprallen dieser beiden unterschiedlichen Ebenen macht den besonderen Charme und Witz dieses Buches aus. Das hat auch die Fachjury des \u201eBolognaRagazziAward\u201c \u00fcberzeugt, der Preis wurde Heidelbach und K\u00f6nnecke auf der internationalen Kinderbuchmesse in Bologna \u00fcberreicht.<\/p>\n<p class=\"dm-paragraph my-8 dm-article-content-width\" index=\"6\" should-collapse-on-mobile=\"true\" has-padding=\"\" data-v-586984a4=\"\">\u201eDieses Buch h\u00e4tte keiner von uns alleine machen k\u00f6nnen\u201c, sagen Nikolaus Heidelbach und Ole K\u00f6nnecke zu ihrem Gemeinschaftsprojekt. Aber es ist ein heikles Gesch\u00e4ft, wenn zwei Zeichner oder zwei Autoren sich zusammen tun, gab Ole K\u00f6nnecke im Gespr\u00e4ch mit dem Deutschlandfunk, zu: \u201eDa muss man schon relativ gefestigt sein und sich der gegenseitigen Sympathie und Freundschaft sicher. Das kann schiefgehen. Aber wir sind beide alt genug, um da Eitelkeiten beiseite zu lassen.\u201c<\/p>\n<p><a href=\"https:\/\/www.ksta.de\/kultur-medien\/junges-buch-fuer-die-stadt-wer-keine-angst-hat-hat-keine-fantasie-1022395\" class=\"dm-imagefeat__imagecontainer dm-imagefeat relative\" data-v-d81621e6=\"\" rel=\"nofollow noopener\" target=\"_blank\"><img decoding=\"async\" width=\"4000\" height=\"2667\" alt=\"Nikolaus Heidelbach\" loading=\"lazy\" onerror=\"this.setAttribute('data-error', 1)\" class=\"dm-imagefeat__image w-full aspect-square sm:aspect-auto aspect-video\" style=\"aspect-ratio:1;\" data-nuxt-pic=\"\" src=\"https:\/\/www.europesays.com\/de\/wp-content\/uploads\/2025\/06\/649682b6-7ba0-41a7-b6c7-ea83b05d4bc5.jpeg\"  \/><\/a><\/p>\n<p class=\"dm-paragraph my-8 dm-article-content-width\" index=\"8\" should-collapse-on-mobile=\"true\" has-padding=\"\" data-v-586984a4=\"\">Irgendwann kommen Mama und Papa nach Hause. Da sind die Kinder l\u00e4ngst eingeschlafen.  Boris ersch\u00f6pft vom immer schlimmere Gruselgeschichten-Ausdenken. Und Celeste wahrscheinlich vor Langeweile.<\/p>\n<p>Alle Termine<\/p>\n<p class=\"dm-paragraph my-8 dm-article-content-width\" index=\"11\" should-collapse-on-mobile=\"true\" has-padding=\"\" data-v-586984a4=\"\">Das Junge Buch f\u00fcr die Stadt ist eine Aktion des Jungen Literaturhauses, der K\u00f6lner Stadtbibliothek und des \u201eK\u00f6lner Stadt-Anzeiger\u201c. Vom 22. bis 28. Juni gibt es viele Veranstaltungen rund um \u201eGutenachtgeschichten f\u00fcr Celeste\u201c (Hanser).<\/p>\n<p class=\"dm-paragraph my-8 dm-article-content-width\" index=\"12\" should-collapse-on-mobile=\"true\" has-padding=\"\" data-v-586984a4=\"\">Den Auftakt macht eine Familienveranstaltung am Sonntag, 22. Juni, im Interim der Zentralbibliothek auf der Hohe Stra\u00dfe 68-82. Um 15 Uhr stellen Nikolaus Heidelbach und Ole K\u00f6nnecke zusammen mit Britta Weyers ihr Buch vor. Kostenlose Tickets gibt es \u00fcber die Webseite des <a href=\"https:\/\/literaturhaus-koeln.de\/ueber-uns\/junges-literaturhaus\/\" target=\"_blank\" rel=\"noreferrer noopener nofollow\">Jungen Literaturhauses<\/a> und der <a href=\"https:\/\/www.stadt-koeln.de\/leben-in-koeln\/stadtbibliothek\/junges-buch-fuer-die-stadt-2025-gutenachtgeschichten-fuer-celeste\" target=\"_blank\" rel=\"noreferrer noopener nofollow\">Zentralbibliothek<\/a>.<\/p>\n<p class=\"dm-paragraph my-8 dm-article-content-width\" index=\"13\" should-collapse-on-mobile=\"true\" has-padding=\"\" data-v-586984a4=\"\">Vorlesezeit mit Bilderbuchkino: Am 23.06. in der Stadtteilbibliothek M\u00fclheim (16 Uhr), am 26. Juni in der Stadtbibliothek Ehrenfeld (16.30 Uhr) und mit Malaktion in der Stadtteilbibliothek Porz (16.30 Uhr)<\/p>\n<p class=\"dm-paragraph my-8 dm-article-content-width\" index=\"14\" should-collapse-on-mobile=\"true\" has-padding=\"\" data-v-586984a4=\"\">Bilderbuchkino mit Malaktion in Kooperation mit LeseWelten: Am 24.06. in der Stadtteilbibliothek Rodenkirchen (16 Uhr) und in der Stadtteilbibliothek Chorweiler (16.30 Uhr), am 25.6. in der Stadtteilbibliothek Kalk (16.30 Uhr) und in der Stadtteilbibliothek Haus Balchem (15.30 Uhr), am 27.6. in der Stadtteilbibliothek Nippes (16 Uhr) und am 28.6. in der Stadtteilbibliothek Neubr\u00fcck (11 Uhr) und in der Stadtteilbibliothek Porz (11 Uhr)<\/p>\n<p class=\"dm-paragraph my-8 dm-article-content-width\" index=\"15\" should-collapse-on-mobile=\"true\" has-padding=\"\" data-v-586984a4=\"\">Szenische Lesung mit Britta Weyers: Am 24.06. in der Stadtteilbibliothek Kalk (17 Uhr:), am 25.6. in der Stadtteilbibliothek Porz (16.30 Uhr) und am 26.6. in der Stadtteilbibliothek Nippes (16.30 Uhr)<\/p>\n<p class=\"dm-paragraph my-8 dm-article-content-width\" index=\"16\" should-collapse-on-mobile=\"true\" has-padding=\"\" data-v-586984a4=\"\">Am 27.6. Kreativzeit in der Stadtteilbibliothek M\u00fclheim (16 Uhr) und Bilderbuchkino im Interim Zentralbibliothek (16 Uhr). Am 28.6. Monster basteln in der Stadtteilbibliothek Bocklem\u00fcnd\/Mengenich (10.30 Uhr) und Vorlesen am Samstag in der Stadtteilbibliothek Kalk (11 Uhr).<\/p>\n<p class=\"dm-paragraph my-8 dm-article-content-width\" index=\"17\" should-collapse-on-mobile=\"true\" has-padding=\"\" data-v-586984a4=\"\">Im Jungen Literaturhaus finden folgende Veranstaltungen statt: Bilderbuchkino mit Thomas Pelzer am 23.6., 24.6., 25.6. und 26.6, jeweils um 10 Uhr, der Eintritt kostet drei Euro.<\/p>\n","protected":false},"excerpt":{"rendered":"\u201eZ\u00e4hneputzen nicht vergessen\u201c, \u201eKeinen Film mehr gucken\u201c, \u201eSei nett zu Deiner kleinen Schwester\u201c und \u201eAuf dem K\u00fcchentisch steht&hellip;\n","protected":false},"author":2,"featured_media":210115,"comment_status":"","ping_status":"","sticky":false,"template":"","format":"standard","meta":{"footnotes":""},"categories":[1774],"tags":[1784,1785,29,214,30,215],"class_list":{"0":"post-210114","1":"post","2":"type-post","3":"status-publish","4":"format-standard","5":"has-post-thumbnail","7":"category-buecher","8":"tag-books","9":"tag-buecher","10":"tag-deutschland","11":"tag-entertainment","12":"tag-germany","13":"tag-unterhaltung"},"share_on_mastodon":{"url":"https:\/\/pubeurope.com\/@de\/114726536707440111","error":""},"_links":{"self":[{"href":"https:\/\/www.europesays.com\/de\/wp-json\/wp\/v2\/posts\/210114","targetHints":{"allow":["GET"]}}],"collection":[{"href":"https:\/\/www.europesays.com\/de\/wp-json\/wp\/v2\/posts"}],"about":[{"href":"https:\/\/www.europesays.com\/de\/wp-json\/wp\/v2\/types\/post"}],"author":[{"embeddable":true,"href":"https:\/\/www.europesays.com\/de\/wp-json\/wp\/v2\/users\/2"}],"replies":[{"embeddable":true,"href":"https:\/\/www.europesays.com\/de\/wp-json\/wp\/v2\/comments?post=210114"}],"version-history":[{"count":0,"href":"https:\/\/www.europesays.com\/de\/wp-json\/wp\/v2\/posts\/210114\/revisions"}],"wp:featuredmedia":[{"embeddable":true,"href":"https:\/\/www.europesays.com\/de\/wp-json\/wp\/v2\/media\/210115"}],"wp:attachment":[{"href":"https:\/\/www.europesays.com\/de\/wp-json\/wp\/v2\/media?parent=210114"}],"wp:term":[{"taxonomy":"category","embeddable":true,"href":"https:\/\/www.europesays.com\/de\/wp-json\/wp\/v2\/categories?post=210114"},{"taxonomy":"post_tag","embeddable":true,"href":"https:\/\/www.europesays.com\/de\/wp-json\/wp\/v2\/tags?post=210114"}],"curies":[{"name":"wp","href":"https:\/\/api.w.org\/{rel}","templated":true}]}}