{"id":210173,"date":"2025-06-22T10:57:11","date_gmt":"2025-06-22T10:57:11","guid":{"rendered":"https:\/\/www.europesays.com\/de\/210173\/"},"modified":"2025-06-22T10:57:11","modified_gmt":"2025-06-22T10:57:11","slug":"irans-aussenminister-trifft-russlands-machthaber","status":"publish","type":"post","link":"https:\/\/www.europesays.com\/de\/210173\/","title":{"rendered":"Irans Au\u00dfenminister trifft Russlands Machthaber"},"content":{"rendered":"<p>Nach US-Angriff <\/p>\n<p>Putin empf\u00e4ngt Irans Au\u00dfenminister in Moskau<\/p>\n<p>22.06.2025 &#8211; 12:47 UhrLesedauer: 2 Min.<\/p>\n<p><a href=\"#focus-0\" class=\"transition-colors duration-200 focus-within:text-magenta block text-current relative\" data-sctrack=\"FocusGalleryImage.Reference\"><img fetchpriority=\"high\" data-testid=\"Opener.Image\" style=\"--lqipURL:url('https:\/\/images.t-online.de\/2025\/06\/YubU8RPgkEwP\/0x192:3688x2075\/fit-in\/150x0\/filters:blur(25)\/russia-moscow-june-22-2025-russia-s-defence-minister-andrei-belousov-l-and-russia-s-president-vladimir-putin-c-attend-a-ceremony-to-lay-a-wreath-at-the-tomb-of-the-unknown-soldier-in-alexander-garden-by-the-kremlin-wall-on-the-day-of-remembrance-and-sorrow-to-commemorate-the-84th-anniversary-of-nazi-germany-s-invasion-of-the-soviet-union-in-wwii-sergei-bulkin-tass-publicationxinxgerxautxonly-81881497.jpg')\"   loading=\"eager\" src=\"https:\/\/www.europesays.com\/de\/wp-content\/uploads\/2025\/06\/russia-moscow-june-22-2025-russia-s-defence-minister-andrei-belousov-l-and-russia-s-president-vladim.jpeg\" alt=\"imago images 0822847609\" title=\"imago images 0822847609\" width=\"3688\" height=\"2075\" class=\"bg-[url:var(--lqipURL)] bg-cover bg-center flex h-full w-full max-w-full\" decoding=\"async\"\/><img style=\"--width:32;--height:32\" loading=\"lazy\" src=\"https:\/\/www.t-online.de\/s\/paper\/_next\/static\/media\/zoom-in.f7dae02f.svg\" alt=\"Vergr\u00f6\u00dfern des Bildes\" title=\"Vergr\u00f6\u00dfern des Bildes\" class=\"block h-[calc(var(--height)_\/_16_*_1rem)] w-[calc(var(--width)_\/_16_*_1rem)] max-w-none absolute bottom-8 right-8 rounded-4 bg-snow p-8\" decoding=\"async\"\/><\/a><\/p>\n<p>Russlands Pr\u00e4sident Wladimir Putin am Sonntag bei einer Kranzniederlegung am Grab des unbekannten Soldaten. (Archivbild) (Quelle: IMAGO\/Sergei Bulkin\/imago)<\/p>\n<p class=\"font-bold text-18 leading-17\">Russland gilt als einer der engsten Verb\u00fcndeten des Iran. Nach den US-Angriffen auf das Land ber\u00e4t Putin die Lage am Montag in Moskau mit Irans Au\u00dfenminister Araghtschi.<\/p>\n<p class=\"text-18 leading-17\">Der russische Pr\u00e4sident <a class=\"transition-colors duration-200 cursor-pointer text-inherit no-underline text-salemsfur md:hover:text-magenta md:hover:border-magenta md:focus:text-magenta border-current border-b border-solid break-words\" href=\"https:\/\/www.t-online.de\/themen\/wladimir-putin\/\" data-sctrack=\"BodyAnchor\" target=\"_blank\" rel=\"noopener\">Wladimir Putin<\/a> empf\u00e4ngt am Montag in <a class=\"transition-colors duration-200 cursor-pointer text-inherit no-underline text-salemsfur md:hover:text-magenta md:hover:border-magenta md:focus:text-magenta border-current border-b border-solid break-words\" href=\"https:\/\/www.t-online.de\/themen\/moskau\/\" data-sctrack=\"BodyAnchor\" target=\"_blank\" rel=\"noopener\">Moskau<\/a> den iranischen Au\u00dfenminister Abbas Araghtschi zu Beratungen. Das k\u00fcndigte der iranische Au\u00dfenminister an. Er verwies am Sonntag auf die strategische Partnerschaft, die der <a class=\"transition-colors duration-200 cursor-pointer text-inherit no-underline text-salemsfur md:hover:text-magenta md:hover:border-magenta md:focus:text-magenta border-current border-b border-solid break-words\" href=\"https:\/\/www.t-online.de\/themen\/iran\/\" data-sctrack=\"BodyAnchor\" target=\"_blank\" rel=\"noopener\">Iran<\/a> mit <a class=\"transition-colors duration-200 cursor-pointer text-inherit no-underline text-salemsfur md:hover:text-magenta md:hover:border-magenta md:focus:text-magenta border-current border-b border-solid break-words\" href=\"https:\/\/www.t-online.de\/themen\/russland\/\" data-sctrack=\"BodyAnchor\" target=\"_blank\" rel=\"noopener\">Russland<\/a> unterhalte.<\/p>\n<p class=\"text-18 leading-17\">Russland gilt als einer der engsten Verb\u00fcndeten des Iran. Unter anderem unterst\u00fctzt das Land die russische Armee im Krieg gegen die <a class=\"transition-colors duration-200 cursor-pointer text-inherit no-underline text-salemsfur md:hover:text-magenta md:hover:border-magenta md:focus:text-magenta border-current border-b border-solid break-words\" href=\"https:\/\/www.t-online.de\/themen\/ukraine\/\" data-sctrack=\"BodyAnchor\" target=\"_blank\" rel=\"noopener\">Ukraine<\/a> mit Drohnen-Lieferungen. Erst im M\u00e4rz hatte die russische Marine gemeinsam mit <a class=\"transition-colors duration-200 cursor-pointer text-inherit no-underline text-salemsfur md:hover:text-magenta md:hover:border-magenta md:focus:text-magenta border-current border-b border-solid break-words\" href=\"https:\/\/www.t-online.de\/themen\/china\/\" data-sctrack=\"BodyAnchor\" target=\"_blank\" rel=\"noopener\">China<\/a> und Iran ein gemeinsames Man\u00f6ver im Persischen Golf abgehalten.<\/p>\n<p class=\"text-18 leading-17\">Unter anderem liefert Iran Russland Drohnen vom Typ Shahed, seit 2023 produziert Russland iranische Drohnen auch in Lizenz. Im Gegenzug hilft die russische Seite dem Iran bei der Umgehung von US-Sanktionen, etwa beim Aufbau der Luftaufkl\u00e4rung.<\/p>\n","protected":false},"excerpt":{"rendered":"Nach US-Angriff Putin empf\u00e4ngt Irans Au\u00dfenminister in Moskau 22.06.2025 &#8211; 12:47 UhrLesedauer: 2 Min. Russlands Pr\u00e4sident Wladimir Putin&hellip;\n","protected":false},"author":2,"featured_media":210174,"comment_status":"","ping_status":"","sticky":false,"template":"","format":"standard","meta":{"footnotes":""},"categories":[4013],"tags":[326,9977,331,332,67892,227,1478,13,345,308,14,15,61384,4043,4044,850,307,12,9976,317,3941,306],"class_list":{"0":"post-210173","1":"post","2":"type-post","3":"status-publish","4":"format-standard","5":"has-post-thumbnail","7":"category-russland","8":"tag-326","9":"tag-abbas-araghtschi","10":"tag-aktuelle-nachrichten","11":"tag-aktuelle-news","12":"tag-andrea-kendall-taylor","13":"tag-china","14":"tag-drohne","15":"tag-headlines","16":"tag-iran","17":"tag-moskau","18":"tag-nachrichten","19":"tag-news","20":"tag-persischer-golf","21":"tag-russia","22":"tag-russian-federation","23":"tag-russische-foederation","24":"tag-russland","25":"tag-schlagzeilen","26":"tag-teheran","27":"tag-ukraine","28":"tag-us-senat","29":"tag-wladimir-putin"},"share_on_mastodon":{"url":"","error":""},"_links":{"self":[{"href":"https:\/\/www.europesays.com\/de\/wp-json\/wp\/v2\/posts\/210173","targetHints":{"allow":["GET"]}}],"collection":[{"href":"https:\/\/www.europesays.com\/de\/wp-json\/wp\/v2\/posts"}],"about":[{"href":"https:\/\/www.europesays.com\/de\/wp-json\/wp\/v2\/types\/post"}],"author":[{"embeddable":true,"href":"https:\/\/www.europesays.com\/de\/wp-json\/wp\/v2\/users\/2"}],"replies":[{"embeddable":true,"href":"https:\/\/www.europesays.com\/de\/wp-json\/wp\/v2\/comments?post=210173"}],"version-history":[{"count":0,"href":"https:\/\/www.europesays.com\/de\/wp-json\/wp\/v2\/posts\/210173\/revisions"}],"wp:featuredmedia":[{"embeddable":true,"href":"https:\/\/www.europesays.com\/de\/wp-json\/wp\/v2\/media\/210174"}],"wp:attachment":[{"href":"https:\/\/www.europesays.com\/de\/wp-json\/wp\/v2\/media?parent=210173"}],"wp:term":[{"taxonomy":"category","embeddable":true,"href":"https:\/\/www.europesays.com\/de\/wp-json\/wp\/v2\/categories?post=210173"},{"taxonomy":"post_tag","embeddable":true,"href":"https:\/\/www.europesays.com\/de\/wp-json\/wp\/v2\/tags?post=210173"}],"curies":[{"name":"wp","href":"https:\/\/api.w.org\/{rel}","templated":true}]}}