{"id":210521,"date":"2025-06-22T14:15:10","date_gmt":"2025-06-22T14:15:10","guid":{"rendered":"https:\/\/www.europesays.com\/de\/210521\/"},"modified":"2025-06-22T14:15:10","modified_gmt":"2025-06-22T14:15:10","slug":"lesbisches-strassenfest-muenchen-die-community-will-sich-zeigen-muenchen","status":"publish","type":"post","link":"https:\/\/www.europesays.com\/de\/210521\/","title":{"rendered":"Lesbisches Stra\u00dfenfest M\u00fcnchen: Die Community will sich zeigen &#8211; M\u00fcnchen"},"content":{"rendered":"<p data-manual=\"paragraph\" data-schema-org-speakable=\"true\" class=\"css-1ylqqlw\">Gegen 17 Uhr ist das Fest richtig gut in Gang gekommen, die Tanzfl\u00e4che voll, alle Tische besetzt, mangels Platz verlagert sich die Menge auch schon deutlich das Stephansbergerl hinab Richtung Pestalozzistra\u00dfe. Beim lesbischen Stra\u00dfenfest auf dem Stephansplatz am Samstag hat sich die queere Community von ihrer feierlustigsten Seite gezeigt.<\/p>\n<p data-manual=\"paragraph\" data-schema-org-speakable=\"true\" class=\"css-1ylqqlw\">Zum vierten Mal fand das Fest heuer am Alten S\u00fcdlichen Friedhof statt, nachdem der ehemalige Veranstaltungsort in der Angertorstra\u00dfe nicht mehr zur Verf\u00fcgung gestanden hatte. Seitdem wird das Fest von einer B\u00fcrgerinitiative veranstaltet, die dabei auch finanziell ins Risiko geht: kein Eintritt, die Preise zivil, aber der Aufwand trotzdem nicht geringer. Einige 100 Menschen feierten bis in den Abend hinein\u00a0\u2013 die Quote zwischen Frauen und M\u00e4nnern k\u00f6nnte auf etwa 80 zu 20 gesch\u00e4tzt werden.<\/p>\n<p data-manual=\"paragraph\" data-schema-org-speakable=\"true\" class=\"css-1ylqqlw\">Die Veranstalterinnen wollen mit ihrem Fest die Sichtbarkeit der lesbischen Gemeinschaft in <a href=\"https:\/\/www.sueddeutsche.de\/thema\/M%C3%BCnchen\" target=\"_blank\" rel=\"noopener\">M\u00fcnchen<\/a> verbessern \u2013 im Gegensatz zu ihrem schwulen Gegen\u00fcber sind die Frauen wie so oft auch hier sehr viel leiser und unauff\u00e4lliger.<\/p>\n<p><img decoding=\"async\" alt=\"Die Frauen waren un\u00fcbersehbar in der \u00dcberzahl.\" data-manual=\"overline, headerImageCaption, headerImageSrc, headerImageSrcSet\" data-testid=\"responsive-image\" loading=\"lazy\"  src=\"https:\/\/www.europesays.com\/de\/wp-content\/uploads\/2025\/06\/05fe6c36-91e8-45da-b984-fd918573cf1c.jpeg\"  role=\"button\" tabindex=\"0\" class=\"css-y4bre2\"\/>Die Frauen waren un\u00fcbersehbar in der \u00dcberzahl. (Foto: Stephan Rumpf)<\/p>\n<p data-manual=\"paragraph\" data-schema-org-speakable=\"true\" class=\"css-1ylqqlw\">Nicht allerdings an diesem Tag \u2013 als w\u00e4re der Korken aus einer Sektflasche geflogen, so geht\u2019s rund am Stephansplatz. Es zeigt sich, dass die lesbische Community in ihrer Vielfalt der \u00fcbrigen Gesellschaft in nichts nachsteht: Manche haben sich in fantasievolle Kost\u00fcme geworfen, man sieht Gothinnen genauso wie Frauen, denen man eher die Leitung des Einmachkurses beim Frauenbund zutrauen w\u00fcrde. Andere sehen aus, als k\u00e4men sie gerade aus dem Freibad. Eine junge Frau tr\u00e4gt ein T-Shirt mit der r\u00fchrenden Aufschrift \u201eBut Daddy, I love her\u201c.<\/p>\n<p data-manual=\"paragraph\" data-schema-org-speakable=\"true\" class=\"css-1ylqqlw\">Die Halbe Bier kostet f\u00fcnf Euro, die Bratwurst sechs. An einem Tisch steht ein Schild \u201eFemales only\u201c, Nur Frauen. Stellt sich heraus, dass das nicht nur ein \u201eSafe Space\u201c f\u00fcr Frauen sein soll, die nicht von M\u00e4nnern bedr\u00e4ngt werden wollen, sondern auch eine Organisation gleichen Namens, die ebensolche Veranstaltungen auf die Beine stellt und beim Stra\u00dfenfest einer der Hauptsponsoren ist.<\/p>\n<p data-manual=\"paragraph\" data-schema-org-speakable=\"true\" class=\"css-1ylqqlw\">Ein Problem allerdings teilen die Frauen auf dem Lesben-Fest mit allen anderen Frauen auf allen anderen Festen: die Schlange vor der Toilette. Vier Dixis stehen bereit, drei davon mit rosa T\u00fcr \u2013 was wahrscheinlich so etwas wie \u201eDamen\u201c bedeuten soll. Weil aber die eine Kabine mit der grauen T\u00fcr l\u00e4nger leersteht, werden alle vier schlicht zu Unisex erkl\u00e4rt, so geht\u2019s f\u00fcr alle schneller.<\/p>\n<p data-manual=\"paragraph\" data-schema-org-speakable=\"true\" class=\"css-1ylqqlw\">Das lesbische Stra\u00dfenfest ist Bestandteil der \u201ePride Weeks\u201c. Sie finden ihren H\u00f6hepunkt am kommenden Samstag, wenn die CSD-Parade mit mehreren Tausend Menschen vom Mariahilfplatz zur Ludwigstra\u00dfe zieht.<\/p>\n","protected":false},"excerpt":{"rendered":"Gegen 17 Uhr ist das Fest richtig gut in Gang gekommen, die Tanzfl\u00e4che voll, alle Tische besetzt, mangels&hellip;\n","protected":false},"author":2,"featured_media":210522,"comment_status":"","ping_status":"","sticky":false,"template":"","format":"standard","meta":{"footnotes":""},"categories":[1827],"tags":[30546,772,30485,29,16745,30,21797,19963,2639,1268,21469,149],"class_list":{"0":"post-210521","1":"post","2":"type-post","3":"status-publish","4":"format-standard","5":"has-post-thumbnail","7":"category-muenchen","8":"tag-csd","9":"tag-bayern","10":"tag-christopher-street-day","11":"tag-deutschland","12":"tag-freizeit-in-muenchen","13":"tag-germany","14":"tag-isarvorstadt","15":"tag-lgbtq-plus","16":"tag-ludwigsvorstadt-isarvorstadt","17":"tag-muenchen","18":"tag-queer","19":"tag-sueddeutsche-zeitung"},"share_on_mastodon":{"url":"https:\/\/pubeurope.com\/@de\/114727441150583907","error":""},"_links":{"self":[{"href":"https:\/\/www.europesays.com\/de\/wp-json\/wp\/v2\/posts\/210521","targetHints":{"allow":["GET"]}}],"collection":[{"href":"https:\/\/www.europesays.com\/de\/wp-json\/wp\/v2\/posts"}],"about":[{"href":"https:\/\/www.europesays.com\/de\/wp-json\/wp\/v2\/types\/post"}],"author":[{"embeddable":true,"href":"https:\/\/www.europesays.com\/de\/wp-json\/wp\/v2\/users\/2"}],"replies":[{"embeddable":true,"href":"https:\/\/www.europesays.com\/de\/wp-json\/wp\/v2\/comments?post=210521"}],"version-history":[{"count":0,"href":"https:\/\/www.europesays.com\/de\/wp-json\/wp\/v2\/posts\/210521\/revisions"}],"wp:featuredmedia":[{"embeddable":true,"href":"https:\/\/www.europesays.com\/de\/wp-json\/wp\/v2\/media\/210522"}],"wp:attachment":[{"href":"https:\/\/www.europesays.com\/de\/wp-json\/wp\/v2\/media?parent=210521"}],"wp:term":[{"taxonomy":"category","embeddable":true,"href":"https:\/\/www.europesays.com\/de\/wp-json\/wp\/v2\/categories?post=210521"},{"taxonomy":"post_tag","embeddable":true,"href":"https:\/\/www.europesays.com\/de\/wp-json\/wp\/v2\/tags?post=210521"}],"curies":[{"name":"wp","href":"https:\/\/api.w.org\/{rel}","templated":true}]}}