{"id":210931,"date":"2025-06-22T17:58:10","date_gmt":"2025-06-22T17:58:10","guid":{"rendered":"https:\/\/www.europesays.com\/de\/210931\/"},"modified":"2025-06-22T17:58:10","modified_gmt":"2025-06-22T17:58:10","slug":"landesparteitag-in-dresden-saechsische-spd-fordert-afd-verbotsverfahren","status":"publish","type":"post","link":"https:\/\/www.europesays.com\/de\/210931\/","title":{"rendered":"Landesparteitag in Dresden: S\u00e4chsische SPD fordert AfD-Verbotsverfahren"},"content":{"rendered":"<p>Landesparteitag in Dresden <\/p>\n<p>S\u00e4chsische SPD fordert AfD-Verbotsverfahren<\/p>\n<p>22.06.2025 &#8211; 19:34 UhrLesedauer: 1 Min.<\/p>\n<p><a href=\"#focus-0\" class=\"transition-colors duration-200 focus-within:text-magenta block text-current relative\" data-sctrack=\"FocusGalleryImage.Reference\"><img fetchpriority=\"high\" data-testid=\"Opener.Image\" style=\"--lqipURL:url('https:\/\/images.t-online.de\/2025\/06\/ExkCWpKP2zLX\/0x75:800x450\/fit-in\/150x0\/filters:blur(25)\/image.jpg')\"   loading=\"eager\" src=\"https:\/\/www.europesays.com\/de\/wp-content\/uploads\/2025\/06\/1750615090_636_image.jpg\" alt=\"urn:newsml:dpa.com:20090101:250621-911-006639\" title=\"urn:newsml:dpa.com:20090101:250621-911-006639\" width=\"800\" height=\"450\" class=\"bg-[url:var(--lqipURL)] bg-cover bg-center flex h-full w-full max-w-full\" decoding=\"async\"\/><img style=\"--width:32;--height:32\" loading=\"lazy\" src=\"https:\/\/www.t-online.de\/s\/paper\/_next\/static\/media\/zoom-in.f7dae02f.svg\" alt=\"Vergr\u00f6\u00dfern des Bildes\" title=\"Vergr\u00f6\u00dfern des Bildes\" class=\"block h-[calc(var(--height)_\/_16_*_1rem)] w-[calc(var(--width)_\/_16_*_1rem)] max-w-none absolute bottom-8 right-8 rounded-4 bg-snow p-8\" decoding=\"async\"\/><\/a><\/p>\n<p>Abstimmung beim Landesparteitag: Die Delegierten stimmten f\u00fcr den Antrag. (Quelle: Sebastian Kahnert\/dpa)<\/p>\n<p class=\"font-bold text-18 leading-17\">Die s\u00e4chsische SPD will ein Verbotsverfahren gegen die AfD ansto\u00dfen. Auf ihrem Landesparteitag in Dresden fasst die Partei einen entsprechenden Beschluss.<\/p>\n<p class=\"text-18 leading-17\">Die s\u00e4chsische <a class=\"transition-colors duration-200 cursor-pointer text-inherit no-underline text-salemsfur md:hover:text-magenta md:hover:border-magenta md:focus:text-magenta border-current border-b border-solid break-words\" href=\"https:\/\/www.t-online.de\/themen\/spd\/\" data-sctrack=\"BodyAnchor\" target=\"_blank\" rel=\"noopener\">SPD<\/a> hat auf ihrem Landesparteitag in <a class=\"transition-colors duration-200 cursor-pointer text-inherit no-underline text-salemsfur md:hover:text-magenta md:hover:border-magenta md:focus:text-magenta border-current border-b border-solid break-words\" href=\"https:\/\/www.t-online.de\/region\/dresden\/\" data-sctrack=\"BodyAnchor\" target=\"_blank\" rel=\"noopener\">Dresden<\/a> beschlossen, sich f\u00fcr ein Verbotsverfahren gegen die <a class=\"transition-colors duration-200 cursor-pointer text-inherit no-underline text-salemsfur md:hover:text-magenta md:hover:border-magenta md:focus:text-magenta border-current border-b border-solid break-words\" href=\"https:\/\/www.t-online.de\/themen\/alternative-fuer-deutschland\/\" data-sctrack=\"BodyAnchor\" target=\"_blank\" rel=\"noopener\">AfD<\/a> einzusetzen. Die Delegierten stimmten am Samstag f\u00fcr einen entsprechenden Antrag.<\/p>\n<p class=\"text-18 leading-17\">Der Beschluss sieht vor, die antragsberechtigten Verfassungsorgane Bundestag, <a class=\"transition-colors duration-200 cursor-pointer text-inherit no-underline text-salemsfur md:hover:text-magenta md:hover:border-magenta md:focus:text-magenta border-current border-b border-solid break-words\" href=\"https:\/\/www.t-online.de\/themen\/bundesrat\/\" data-sctrack=\"BodyAnchor\" target=\"_blank\" rel=\"noopener\">Bundesrat<\/a> und <a class=\"transition-colors duration-200 cursor-pointer text-inherit no-underline text-salemsfur md:hover:text-magenta md:hover:border-magenta md:focus:text-magenta border-current border-b border-solid break-words\" href=\"https:\/\/www.t-online.de\/themen\/bundesregierung\/\" data-sctrack=\"BodyAnchor\" target=\"_blank\" rel=\"noopener\">Bundesregierung<\/a> aufzufordern, zeitnah die Voraussetzungen f\u00fcr ein AfD-Verbotsverfahren zu schaffen.<\/p>\n<p class=\"text-18 leading-17\">Henning Homann, der zusammen mit Kathrin Michel erneut zum F\u00fchrungsduo der s\u00e4chsischen SPD gew\u00e4hlt wurde, begr\u00fcndete den Vorsto\u00df: &#8222;Die Zeit zu handeln ist jetzt. Wir sehen tagt\u00e4glich, wie die AfD unsere Demokratie angreift, unsere Gesellschaft spaltet und gezielt die Grundwerte unseres Landes untergr\u00e4bt.&#8220;<\/p>\n<p class=\"text-18 leading-17\">Die Forderung nach einem Verbotsverfahren gegen die AfD war zuletzt lauter geworden, nachdem das Bundesamt f\u00fcr Verfassungsschutz die Partei als gesichert rechtsextrem eingestuft hatte. Aufgrund juristischer Schritte der AfD liegt diese Einstufung derzeit jedoch auf Eis.<\/p>\n","protected":false},"excerpt":{"rendered":"Landesparteitag in Dresden S\u00e4chsische SPD fordert AfD-Verbotsverfahren 22.06.2025 &#8211; 19:34 UhrLesedauer: 1 Min. Abstimmung beim Landesparteitag: Die Delegierten&hellip;\n","protected":false},"author":2,"featured_media":210932,"comment_status":"","ping_status":"","sticky":false,"template":"","format":"standard","meta":{"footnotes":""},"categories":[1835],"tags":[722,17161,12408,186,4029,1173,1180,3364,29,2386,30,68094,6251,859,184,33727],"class_list":{"0":"post-210931","1":"post","2":"type-post","3":"status-publish","4":"format-standard","5":"has-post-thumbnail","7":"category-dresden","8":"tag-722","9":"tag-17161","10":"tag-abstimmung","11":"tag-afd","12":"tag-bundesrat","13":"tag-bundesregierung","14":"tag-bundestag","15":"tag-de","16":"tag-deutschland","17":"tag-dresden","18":"tag-germany","19":"tag-henning-homann","20":"tag-landesparteitag","21":"tag-sachsen","22":"tag-spd","23":"tag-verbotsverfahren"},"share_on_mastodon":{"url":"","error":""},"_links":{"self":[{"href":"https:\/\/www.europesays.com\/de\/wp-json\/wp\/v2\/posts\/210931","targetHints":{"allow":["GET"]}}],"collection":[{"href":"https:\/\/www.europesays.com\/de\/wp-json\/wp\/v2\/posts"}],"about":[{"href":"https:\/\/www.europesays.com\/de\/wp-json\/wp\/v2\/types\/post"}],"author":[{"embeddable":true,"href":"https:\/\/www.europesays.com\/de\/wp-json\/wp\/v2\/users\/2"}],"replies":[{"embeddable":true,"href":"https:\/\/www.europesays.com\/de\/wp-json\/wp\/v2\/comments?post=210931"}],"version-history":[{"count":0,"href":"https:\/\/www.europesays.com\/de\/wp-json\/wp\/v2\/posts\/210931\/revisions"}],"wp:featuredmedia":[{"embeddable":true,"href":"https:\/\/www.europesays.com\/de\/wp-json\/wp\/v2\/media\/210932"}],"wp:attachment":[{"href":"https:\/\/www.europesays.com\/de\/wp-json\/wp\/v2\/media?parent=210931"}],"wp:term":[{"taxonomy":"category","embeddable":true,"href":"https:\/\/www.europesays.com\/de\/wp-json\/wp\/v2\/categories?post=210931"},{"taxonomy":"post_tag","embeddable":true,"href":"https:\/\/www.europesays.com\/de\/wp-json\/wp\/v2\/tags?post=210931"}],"curies":[{"name":"wp","href":"https:\/\/api.w.org\/{rel}","templated":true}]}}