{"id":210981,"date":"2025-06-22T18:24:10","date_gmt":"2025-06-22T18:24:10","guid":{"rendered":"https:\/\/www.europesays.com\/de\/210981\/"},"modified":"2025-06-22T18:24:10","modified_gmt":"2025-06-22T18:24:10","slug":"berlin-paris-und-london-rufen-iran-zu-verhandlungen-auf","status":"publish","type":"post","link":"https:\/\/www.europesays.com\/de\/210981\/","title":{"rendered":"Berlin, Paris und London rufen Iran zu Verhandlungen auf"},"content":{"rendered":"<p>        <img decoding=\"async\" src=\"https:\/\/www.europesays.com\/de\/wp-content\/uploads\/2025\/06\/63690011487102760_BLD_Online.jpg\" data-fullscreen-src=\"https:\/\/www.noen.at\/image\/3840x0-jpg\/5904434\/63690011487102760_BLD_Online.jpg\" bad-src=\"https:\/\/www.europesays.com\/de\/wp-content\/uploads\/2025\/06\/63690011487102760_BLD_Online.jpg\" data-teaser-member=\"image\" alt=\"Sicherheitsrat tagt noch am Sonntag\"\/><\/p>\n<p>\n                Sicherheitsrat tagt noch am Sonntag            <\/p>\n<p>\n                Foto:<br \/>\n                APA\/Reuters\/dpa\/AFP                            <\/p>\n<p>\n        <strong>N<\/strong>ach den Angriffen der USA auf iranische Atomanlagen rufen Deutschland, Frankreich und Gro\u00dfbritannien den Iran zur R\u00fcckkehr an den Verhandlungstisch auf. &#8222;Den Iran fordern wir auf, Verhandlungen \u00fcber ein Abkommen aufzunehmen, das alle Bedenken zu seinem Atomprogramm ausr\u00e4umt&#8220;, hie\u00df es in einer gemeinsamen Erkl\u00e4rung der drei L\u00e4nder. Irans Vizeau\u00dfenminister Majid Takht-Ravanchi schloss unterdessen Verhandlungen mit den USA oder Israel aus.    <\/p>\n<p>In der Erkl\u00e4rung, die nach Angaben Berlins auf Initiative von Deutschlands Kanzler Friedrich Merz verabschiedet wurde, bekr\u00e4ftigen die drei Regierungschefs ihren Einsatz f\u00fcr Frieden und Stabilit\u00e4t f\u00fcr alle L\u00e4nder der Region und ihre Unterst\u00fctzung f\u00fcr die Sicherheit Israels. Man habe stets klar zum Ausdruck gebracht, dass sich der Iran niemals Nuklearwaffen verschaffen d\u00fcrfe. Vom Iran d\u00fcrfe keine Bedrohung mehr f\u00fcr die regionale Sicherheit ausgehen.<\/p>\n","protected":false},"excerpt":{"rendered":"Sicherheitsrat tagt noch am Sonntag Foto: APA\/Reuters\/dpa\/AFP Nach den Angriffen der USA auf iranische Atomanlagen rufen Deutschland, Frankreich&hellip;\n","protected":false},"author":2,"featured_media":210982,"comment_status":"","ping_status":"","sticky":false,"template":"","format":"standard","meta":{"footnotes":"","_share_on_mastodon":"0"},"categories":[1825],"tags":[2064,68101,296,29,30,30012,345,68102,16,68103,64],"class_list":["post-210981","post","type-post","status-publish","format-standard","has-post-thumbnail","category-berlin","tag-_apafeed","tag-atompolitik","tag-berlin","tag-deutschland","tag-germany","tag-iaea","tag-iran","tag-iran-israel-usa","tag-politik","tag-politisches-system","tag-usa"],"share_on_mastodon":{"url":"https:\/\/pubeurope.com\/@de\/114728420323138715","error":""},"_links":{"self":[{"href":"https:\/\/www.europesays.com\/de\/wp-json\/wp\/v2\/posts\/210981","targetHints":{"allow":["GET"]}}],"collection":[{"href":"https:\/\/www.europesays.com\/de\/wp-json\/wp\/v2\/posts"}],"about":[{"href":"https:\/\/www.europesays.com\/de\/wp-json\/wp\/v2\/types\/post"}],"author":[{"embeddable":true,"href":"https:\/\/www.europesays.com\/de\/wp-json\/wp\/v2\/users\/2"}],"replies":[{"embeddable":true,"href":"https:\/\/www.europesays.com\/de\/wp-json\/wp\/v2\/comments?post=210981"}],"version-history":[{"count":0,"href":"https:\/\/www.europesays.com\/de\/wp-json\/wp\/v2\/posts\/210981\/revisions"}],"wp:featuredmedia":[{"embeddable":true,"href":"https:\/\/www.europesays.com\/de\/wp-json\/wp\/v2\/media\/210982"}],"wp:attachment":[{"href":"https:\/\/www.europesays.com\/de\/wp-json\/wp\/v2\/media?parent=210981"}],"wp:term":[{"taxonomy":"category","embeddable":true,"href":"https:\/\/www.europesays.com\/de\/wp-json\/wp\/v2\/categories?post=210981"},{"taxonomy":"post_tag","embeddable":true,"href":"https:\/\/www.europesays.com\/de\/wp-json\/wp\/v2\/tags?post=210981"}],"curies":[{"name":"wp","href":"https:\/\/api.w.org\/{rel}","templated":true}]}}