{"id":211039,"date":"2025-06-22T18:56:12","date_gmt":"2025-06-22T18:56:12","guid":{"rendered":"https:\/\/www.europesays.com\/de\/211039\/"},"modified":"2025-06-22T18:56:12","modified_gmt":"2025-06-22T18:56:12","slug":"nun-geht-es-fuer-das-deutsche-team-nach-piraeus","status":"publish","type":"post","link":"https:\/\/www.europesays.com\/de\/211039\/","title":{"rendered":"Nun geht es f\u00fcr das deutsche Team nach Pir\u00e4us"},"content":{"rendered":"<p>\t\tClara Bielefeld steht im EM-Viertelfinale<br \/>\n\t\t\t\t\tNun geht es f\u00fcr das deutsche Team schnell nach Pir\u00e4us<\/p>\n<p>\t\t<img alt=\"\" src=\"https:\/\/www.europesays.com\/de\/wp-content\/uploads\/2025\/05\/630_0036_1213013_.jpg\"  class=\"avatar avatar-36 photo avatar-default\" height=\"36\" width=\"36\" loading=\"lazy\" decoding=\"async\"\/>\t\t<a class=\"article-author__name\" href=\"https:\/\/www.recklinghaeuser-zeitung.de\/author\/jochen-boerger\/\" rel=\"author nofollow noopener\" target=\"_blank\">Jochen B\u00f6rger<\/a><br \/>\n\t\tRedakteur<\/p>\n<p>\t22.06.2025 20:10 Uhr<\/p>\n<p>\t\tTeilen<\/p>\n<p>\n\tIn Merkliste \u00fcbernehmen\n<\/p>\n<p>    <a href=\"https:\/\/www.recklinghaeuser-zeitung.de\/wp-content\/uploads\/2025\/06\/22\/18\/630_0900_4812052_LSP_Bielefeld_5-1625x824.jpg\" rel=\"nofollow noopener\" target=\"_blank\"><\/p>\n<p>            <img loading=\"lazy\" decoding=\"async\" src=\"https:\/\/www.europesays.com\/de\/wp-content\/uploads\/2025\/06\/630_0900_4812051_LSP_Bielefeld_5-640x428.jpg\" width=\"640\" height=\"428\"  alt=\"Clara Bielefeld aus Recklinghausen und das deutsche Nationalteam haben das EM-Viertelfinal-Ticket gel\u00f6st.\"\/><\/p>\n<p>    <\/a><br \/>\n    Clara Bielefeld aus Recklinghausen (am Ball) und das deutsche Nationalteam haben das EM-Viertelfinal-Ticket gel\u00f6st. \u00a9 picture alliance\/dpa<\/p>\n<p class=\"article__teaser-text\">Top-Talent Clara Bielefeld (17) aus Recklinghausen und das deutsche Basketball-Nationalteam stehen im EM-Viertelfinale.<\/p>\n<p>2 Min Lesezeit<\/p>\n<p>Jetzt geht es gegen BelgienSpanien ist GruppensiegerProbleme nur im dritten Viertel<\/p>\n<p>\n\t<a href=\"https:\/\/www.recklinghaeuser-zeitung.de\" class=\"button button--brand button--link home-button\" rel=\"nofollow noopener\" target=\"_blank\">Zur Startseite<\/a><\/p>\n","protected":false},"excerpt":{"rendered":"Clara Bielefeld steht im EM-Viertelfinale Nun geht es f\u00fcr das deutsche Team schnell nach Pir\u00e4us Jochen B\u00f6rger Redakteur&hellip;\n","protected":false},"author":2,"featured_media":211040,"comment_status":"","ping_status":"","sticky":false,"template":"","format":"standard","meta":{"footnotes":""},"categories":[1841],"tags":[2493,1605,3364,29,30,5882,1209],"class_list":{"0":"post-211039","1":"post","2":"type-post","3":"status-publish","4":"format-standard","5":"has-post-thumbnail","7":"category-bielefeld","8":"tag-basketball","9":"tag-bielefeld","10":"tag-de","11":"tag-deutschland","12":"tag-germany","13":"tag-lokalsport","14":"tag-nordrhein-westfalen"},"share_on_mastodon":{"url":"https:\/\/pubeurope.com\/@de\/114728546269637776","error":""},"_links":{"self":[{"href":"https:\/\/www.europesays.com\/de\/wp-json\/wp\/v2\/posts\/211039","targetHints":{"allow":["GET"]}}],"collection":[{"href":"https:\/\/www.europesays.com\/de\/wp-json\/wp\/v2\/posts"}],"about":[{"href":"https:\/\/www.europesays.com\/de\/wp-json\/wp\/v2\/types\/post"}],"author":[{"embeddable":true,"href":"https:\/\/www.europesays.com\/de\/wp-json\/wp\/v2\/users\/2"}],"replies":[{"embeddable":true,"href":"https:\/\/www.europesays.com\/de\/wp-json\/wp\/v2\/comments?post=211039"}],"version-history":[{"count":0,"href":"https:\/\/www.europesays.com\/de\/wp-json\/wp\/v2\/posts\/211039\/revisions"}],"wp:featuredmedia":[{"embeddable":true,"href":"https:\/\/www.europesays.com\/de\/wp-json\/wp\/v2\/media\/211040"}],"wp:attachment":[{"href":"https:\/\/www.europesays.com\/de\/wp-json\/wp\/v2\/media?parent=211039"}],"wp:term":[{"taxonomy":"category","embeddable":true,"href":"https:\/\/www.europesays.com\/de\/wp-json\/wp\/v2\/categories?post=211039"},{"taxonomy":"post_tag","embeddable":true,"href":"https:\/\/www.europesays.com\/de\/wp-json\/wp\/v2\/tags?post=211039"}],"curies":[{"name":"wp","href":"https:\/\/api.w.org\/{rel}","templated":true}]}}