{"id":211192,"date":"2025-06-22T20:27:27","date_gmt":"2025-06-22T20:27:27","guid":{"rendered":"https:\/\/www.europesays.com\/de\/211192\/"},"modified":"2025-06-22T20:27:27","modified_gmt":"2025-06-22T20:27:27","slug":"deutschland-frankreich-und-grossbritannien-fordern-teheran-zu-verhandlungen-auf","status":"publish","type":"post","link":"https:\/\/www.europesays.com\/de\/211192\/","title":{"rendered":"Deutschland, Frankreich und Gro\u00dfbritannien fordern Teheran zu Verhandlungen auf"},"content":{"rendered":"<p>                    <img decoding=\"async\" loading=\"lazy\" class=\"internal-image\" title=\"Auf einer Satellitenaufnahme ist die iranische Atomanlage Fordo nach einem Angriff der US-Armee zu sehen\" alt=\"Auf einer Satellitenaufnahme ist die iranische Atomanlage Fordo nach einem Angriff der US-Armee zu sehen\" src=\"https:\/\/www.europesays.com\/de\/wp-content\/uploads\/2025\/06\/iran-atomanlage-fordo-usa-satellitenaufnahme-100-1920x1080.jpg\" \/><\/p>\n<p>                  Das US-Milit\u00e4r hat laut Medienberichten die unterirdische Atomanlage Fordo in Iran mit Tarnkappenbombern vom Typ B-2 angegriffen. Pr\u00e4sident Trump sagte, sie sei komplett zerst\u00f6rt worden. (picture alliance \/ ASSOCIATED PRESS \/ Uncredited)<\/p>\n<p>In einer gemeinsamen Erkl\u00e4rung warnten Bundeskanzler Merz, der franz\u00f6sische Pr\u00e4sident Macron und der britische Premier Starmer Teheran eindringlich vor einer weiteren Eskalation. Der Iran m\u00fcsse Verhandlungen \u00fcber ein Abkommen aufnehmen, das alle Bedenken zu seinem Atomprogramm ausr\u00e4ume, hei\u00dft es in der Erkl\u00e4rung. Man sei bereit, in Abstimmung mit allen Seiten zu diesem Ziel beizutragen.<\/p>\n<p>Auch Au\u00dfenminister Wadephul dr\u00e4ngte auf weitere diplomatische Bem\u00fchungen zur Beilegung des Konflikts. Im ARD-Fernsehen betonte er, dass der Iran eine rote Linie \u00fcberschritten habe, indem er Uran weit \u00fcber den f\u00fcr die zivile Nutzung n\u00f6tigen Wert angereichert habe. Der iranische Vize-Au\u00dfenminister Tacht-Rawantschi schloss Gespr\u00e4che mit den USA oder Israel aus. Das iranische Milit\u00e4r wisse, was nun zu tun sei, sagte er ebenfalls in der ARD.<\/p>\n<p>Die USA hatten in der Nacht zum Sonntag die iranischen Atomanlagen Fordo, Natans und Isfahan bombardiert. Das genaue Ausma\u00df der Sch\u00e4den ist noch unklar.<\/p>\n<p>Diese Nachricht wurde am 22.06.2025 im Programm Deutschlandfunk gesendet.<\/p>\n","protected":false},"excerpt":{"rendered":"Das US-Milit\u00e4r hat laut Medienberichten die unterirdische Atomanlage Fordo in Iran mit Tarnkappenbombern vom Typ B-2 angegriffen. Pr\u00e4sident&hellip;\n","protected":false},"author":2,"featured_media":211193,"comment_status":"","ping_status":"","sticky":false,"template":"","format":"standard","meta":{"footnotes":""},"categories":[3976],"tags":[331,332,13,14,15,12,3992,3993,3994,3995,3996,3997],"class_list":{"0":"post-211192","1":"post","2":"type-post","3":"status-publish","4":"format-standard","5":"has-post-thumbnail","7":"category-vereinigtes-koenigreich","8":"tag-aktuelle-nachrichten","9":"tag-aktuelle-news","10":"tag-headlines","11":"tag-nachrichten","12":"tag-news","13":"tag-schlagzeilen","14":"tag-uk","15":"tag-united-kingdom","16":"tag-united-kingdom-of-great-britain-and-northern-ireland","17":"tag-vereinigtes-koenigreich","18":"tag-vereinigtes-koenigreich-grossbritannien-und-nordirland","19":"tag-vereinigtes-koenigreich-von-grossbritannien-und-nordirland"},"share_on_mastodon":{"url":"https:\/\/pubeurope.com\/@de\/114728903977693649","error":""},"_links":{"self":[{"href":"https:\/\/www.europesays.com\/de\/wp-json\/wp\/v2\/posts\/211192","targetHints":{"allow":["GET"]}}],"collection":[{"href":"https:\/\/www.europesays.com\/de\/wp-json\/wp\/v2\/posts"}],"about":[{"href":"https:\/\/www.europesays.com\/de\/wp-json\/wp\/v2\/types\/post"}],"author":[{"embeddable":true,"href":"https:\/\/www.europesays.com\/de\/wp-json\/wp\/v2\/users\/2"}],"replies":[{"embeddable":true,"href":"https:\/\/www.europesays.com\/de\/wp-json\/wp\/v2\/comments?post=211192"}],"version-history":[{"count":0,"href":"https:\/\/www.europesays.com\/de\/wp-json\/wp\/v2\/posts\/211192\/revisions"}],"wp:featuredmedia":[{"embeddable":true,"href":"https:\/\/www.europesays.com\/de\/wp-json\/wp\/v2\/media\/211193"}],"wp:attachment":[{"href":"https:\/\/www.europesays.com\/de\/wp-json\/wp\/v2\/media?parent=211192"}],"wp:term":[{"taxonomy":"category","embeddable":true,"href":"https:\/\/www.europesays.com\/de\/wp-json\/wp\/v2\/categories?post=211192"},{"taxonomy":"post_tag","embeddable":true,"href":"https:\/\/www.europesays.com\/de\/wp-json\/wp\/v2\/tags?post=211192"}],"curies":[{"name":"wp","href":"https:\/\/api.w.org\/{rel}","templated":true}]}}