{"id":211294,"date":"2025-06-22T21:24:16","date_gmt":"2025-06-22T21:24:16","guid":{"rendered":"https:\/\/www.europesays.com\/de\/211294\/"},"modified":"2025-06-22T21:24:16","modified_gmt":"2025-06-22T21:24:16","slug":"sek-nimmt-tatverdaechtigen-nach-versuchtem-toetungsdelikt-fest","status":"publish","type":"post","link":"https:\/\/www.europesays.com\/de\/211294\/","title":{"rendered":"SEK nimmt Tatverd\u00e4chtigen nach versuchtem T\u00f6tungsdelikt fest"},"content":{"rendered":"<p class=\"caps\">Nach dem versuchten T\u00f6tungsdelikt am sp\u00e4ten Abend des 19. Juni 2025 im Gemeindegebiet Gerbstedt konnte der gesuchte 37-j\u00e4hrige Tatverd\u00e4chtige Andy B. am Samstag, gegen 22.35 Uhr, vorl\u00e4ufig festgenommen werden.<\/p>\n<p>\u00a0<\/p>\n<p>Kr\u00e4fte des Spezialeinsatzkommandos aus Magdeburg nahmen den Mann im Bereich des urspr\u00fcnglichen Tatortes im Gemeindegebiet Gerbstedt fest. Zuvor hatten mehrere Hinweise aus der Bev\u00f6lkerung auf seinen m\u00f6glichen Aufenthaltsort hingedeutet. Der Tatverd\u00e4chtige hatte sich unberechtigt Zugang zu dem Haus verschafft, in dem sich die Tat ereignet hatte.<\/p>\n<p>Bei der Festnahme wurde bemerkt, dass sich der 37-j\u00e4hrige Mann selbst Verletzungen zugef\u00fcgt hatte. Er wurde nach seiner vorl\u00e4ufigen Festnahme medizinisch versorgt und befindet sich derzeit im Polizeigewahrsam. Eine Unterbringung in einem Krankenhaus ist nicht erforderlich. Der genaue Zeitpunkt der Haftrichtervorf\u00fchrung am zust\u00e4ndigen Amtsgericht am morgigen Sonntag ist derzeit noch Gegenstand weiterer Abstimmungen.<\/p>\n<p>Gegen den Tatverd\u00e4chtigen war zuvor durch das Amtsgericht Halle (Saale) auf Antrag der Staatsanwaltschaft Halle ein Haftbefehl wegen des dringenden Tatverdachts eines versuchten T\u00f6tungsdelikts erlassen worden.<\/p>\n<p>Die weiteren Ermittlungen zum genauen Tatablauf und den Hintergr\u00fcnden werden durch den Zentralen Kriminaldienst der Polizeiinspektion Halle (Saale) in enger Abstimmung mit der Staatsanwaltschaft Halle fortgef\u00fchrt.<\/p>\n<p>Die Polizeiinspektion Halle (Saale) bedankt sich ausdr\u00fccklich f\u00fcr die zahlreichen Hinweise aus der Bev\u00f6lkerung und die Unterst\u00fctzung w\u00e4hrend der Fahndungsma\u00dfnahmen.<\/p>\n","protected":false},"excerpt":{"rendered":"Nach dem versuchten T\u00f6tungsdelikt am sp\u00e4ten Abend des 19. Juni 2025 im Gemeindegebiet Gerbstedt konnte der gesuchte 37-j\u00e4hrige&hellip;\n","protected":false},"author":2,"featured_media":211295,"comment_status":"","ping_status":"","sticky":false,"template":"","format":"standard","meta":{"footnotes":""},"categories":[1860],"tags":[3364,29,548,663,3934,30,4062,17332,13,14,15,17331,860,12],"class_list":{"0":"post-211294","1":"post","2":"type-post","3":"status-publish","4":"format-standard","5":"has-post-thumbnail","7":"category-halle-saale","8":"tag-de","9":"tag-deutschland","10":"tag-eu","11":"tag-europa","12":"tag-europe","13":"tag-germany","14":"tag-halle","15":"tag-halle-saale","16":"tag-headlines","17":"tag-nachrichten","18":"tag-news","19":"tag-saale","20":"tag-sachsen-anhalt","21":"tag-schlagzeilen"},"share_on_mastodon":{"url":"https:\/\/pubeurope.com\/@de\/114729128009900833","error":""},"_links":{"self":[{"href":"https:\/\/www.europesays.com\/de\/wp-json\/wp\/v2\/posts\/211294","targetHints":{"allow":["GET"]}}],"collection":[{"href":"https:\/\/www.europesays.com\/de\/wp-json\/wp\/v2\/posts"}],"about":[{"href":"https:\/\/www.europesays.com\/de\/wp-json\/wp\/v2\/types\/post"}],"author":[{"embeddable":true,"href":"https:\/\/www.europesays.com\/de\/wp-json\/wp\/v2\/users\/2"}],"replies":[{"embeddable":true,"href":"https:\/\/www.europesays.com\/de\/wp-json\/wp\/v2\/comments?post=211294"}],"version-history":[{"count":0,"href":"https:\/\/www.europesays.com\/de\/wp-json\/wp\/v2\/posts\/211294\/revisions"}],"wp:featuredmedia":[{"embeddable":true,"href":"https:\/\/www.europesays.com\/de\/wp-json\/wp\/v2\/media\/211295"}],"wp:attachment":[{"href":"https:\/\/www.europesays.com\/de\/wp-json\/wp\/v2\/media?parent=211294"}],"wp:term":[{"taxonomy":"category","embeddable":true,"href":"https:\/\/www.europesays.com\/de\/wp-json\/wp\/v2\/categories?post=211294"},{"taxonomy":"post_tag","embeddable":true,"href":"https:\/\/www.europesays.com\/de\/wp-json\/wp\/v2\/tags?post=211294"}],"curies":[{"name":"wp","href":"https:\/\/api.w.org\/{rel}","templated":true}]}}