{"id":211904,"date":"2025-06-23T03:28:16","date_gmt":"2025-06-23T03:28:16","guid":{"rendered":"https:\/\/www.europesays.com\/de\/211904\/"},"modified":"2025-06-23T03:28:16","modified_gmt":"2025-06-23T03:28:16","slug":"niedersachsen-bremen-gruener-stahl-gestoppt-bremen-draengt-auf-zukunftsplan","status":"publish","type":"post","link":"https:\/\/www.europesays.com\/de\/211904\/","title":{"rendered":"Niedersachsen &#038; Bremen: Gr\u00fcner Stahl gestoppt \u2013 Bremen dr\u00e4ngt auf Zukunftsplan"},"content":{"rendered":"<p>                    Niedersachsen &amp; Bremen<br \/>\n                Gr\u00fcner Stahl gestoppt \u2013 Bremen dr\u00e4ngt auf Zukunftsplan<\/p>\n<p>\t\t\t\t              22.06.2025, 11:38 Uhr<\/p>\n<p><strong>Die Kurs\u00e4nderung des Stahlkonzerns ArcelorMittal f\u00fcr die Werke in Bremen und Eisenh\u00fcttenstadt bereitet vielen Menschen Sorgen. Bremens Regierungschef warnt und fordert.<\/strong><\/p>\n<p>Bremen (dpa\/lni) &#8211; Die Stahlindustrie steht aus Sicht von Bremens B\u00fcrgermeister Andreas Bovenschulte (SPD) vor einer entscheidenden Weichenstellung. &#8222;Es geht um nicht weniger als um die Frage: Schaffen wir es, die Technologie und die Arbeitspl\u00e4tze in Deutschland dauerhaft zu erhalten? Oder verlieren wir den Kampf, was ein herber Schlag f\u00fcr den Industriestandort Deutschland w\u00e4re?&#8220;, sagte der Regierungschef. Seine Haltung sei klar: &#8222;Wir d\u00fcrfen die Stahlindustrie nicht verloren geben, denn wir brauchen sie auch k\u00fcnftig als Basis f\u00fcr unsere Volkswirtschaft.&#8220; Dies gelte f\u00fcr Bremen und Eisenh\u00fcttenstadt genauso wie Salzgitter, das Saarland und Ruhrgebiet.\u00a0<\/p>\n<p>Der Stahlkonzern ArcelorMittal hatte j\u00fcngst mitgeteilt, die Umstellung auf &#8222;gr\u00fcne&#8220; Stahlproduktion in Bremen und Eisenh\u00fcttenstadt (Brandenburg) nicht weiterzuverfolgen. Gemeint ist der Umstieg von Kohle als Energiequelle auf Wasserstoff, der k\u00fcnftig aus erneuerbaren Energien wie Windkraft oder Solarstrom gewonnen wird. Mit seiner Entscheidung verzichtet der Konzern auf staatliche F\u00f6rdergelder. Selbst mit Subventionierung sei das Vorhaben nicht wirtschaftlich, hatte ArcelorMittal erkl\u00e4rt.\u00a0<\/p>\n<p>F\u00fcr die Landes- und Bundespolitik ist die Entscheidung ein R\u00fcckschlag beim Umbau der Industrie. Die Stahlbranche ist einer der gr\u00f6\u00dften CO2-Emittenten in Deutschland und spielt eine wichtige Rolle bei der Erreichung der Klimaziele.\u00a0<\/p>\n<p>Schnelle Gespr\u00e4che mit allen Beteiligten n\u00f6tig\u00a0<\/p>\n<p>Bremens Regierungschef Bovenschulte unterst\u00fctzt den Vorschlag von Vizekanzler und Bundesfinanzminister Lars Klingbeil (SPD) f\u00fcr einen Stahlgipfel. Es sei wichtig, schnell alle Beteiligten an einen Tisch zu holen. &#8222;Wir m\u00fcssen jetzt schnell die Voraussetzungen f\u00fcr die Transformation der Stahlindustrie verbessern oder schaffen&#8220;, sagte der Regierungschef des kleinsten Bundeslandes. Zudem brauche es schnell konkurrenzf\u00e4hige Energiepreise und faire Wettbewerbsbedingungen. &#8222;Das muss das Interesse aller Beteiligten sein. Der Unternehmen, der Besch\u00e4ftigten und ihrer Gewerkschaften und der Politik.&#8220;<\/p>\n","protected":false},"excerpt":{"rendered":"Niedersachsen &amp; Bremen Gr\u00fcner Stahl gestoppt \u2013 Bremen dr\u00e4ngt auf Zukunftsplan 22.06.2025, 11:38 Uhr Die Kurs\u00e4nderung des Stahlkonzerns&hellip;\n","protected":false},"author":2,"featured_media":211905,"comment_status":"","ping_status":"","sticky":false,"template":"","format":"standard","meta":{"footnotes":""},"categories":[1824],"tags":[2420,3364,29,30,56946,1411,939,68380],"class_list":{"0":"post-211904","1":"post","2":"type-post","3":"status-publish","4":"format-standard","5":"has-post-thumbnail","7":"category-bremen","8":"tag-bremen","9":"tag-de","10":"tag-deutschland","11":"tag-germany","12":"tag-gruener","13":"tag-niedersachsen","14":"tag-stahl","15":"tag-zukunftsplan"},"share_on_mastodon":{"url":"https:\/\/pubeurope.com\/@de\/114730559308945803","error":""},"_links":{"self":[{"href":"https:\/\/www.europesays.com\/de\/wp-json\/wp\/v2\/posts\/211904","targetHints":{"allow":["GET"]}}],"collection":[{"href":"https:\/\/www.europesays.com\/de\/wp-json\/wp\/v2\/posts"}],"about":[{"href":"https:\/\/www.europesays.com\/de\/wp-json\/wp\/v2\/types\/post"}],"author":[{"embeddable":true,"href":"https:\/\/www.europesays.com\/de\/wp-json\/wp\/v2\/users\/2"}],"replies":[{"embeddable":true,"href":"https:\/\/www.europesays.com\/de\/wp-json\/wp\/v2\/comments?post=211904"}],"version-history":[{"count":0,"href":"https:\/\/www.europesays.com\/de\/wp-json\/wp\/v2\/posts\/211904\/revisions"}],"wp:featuredmedia":[{"embeddable":true,"href":"https:\/\/www.europesays.com\/de\/wp-json\/wp\/v2\/media\/211905"}],"wp:attachment":[{"href":"https:\/\/www.europesays.com\/de\/wp-json\/wp\/v2\/media?parent=211904"}],"wp:term":[{"taxonomy":"category","embeddable":true,"href":"https:\/\/www.europesays.com\/de\/wp-json\/wp\/v2\/categories?post=211904"},{"taxonomy":"post_tag","embeddable":true,"href":"https:\/\/www.europesays.com\/de\/wp-json\/wp\/v2\/tags?post=211904"}],"curies":[{"name":"wp","href":"https:\/\/api.w.org\/{rel}","templated":true}]}}