{"id":211984,"date":"2025-06-23T04:16:10","date_gmt":"2025-06-23T04:16:10","guid":{"rendered":"https:\/\/www.europesays.com\/de\/211984\/"},"modified":"2025-06-23T04:16:10","modified_gmt":"2025-06-23T04:16:10","slug":"pfalztram-drei-linien-auf-dem-pruefstand-rhein-pfalz-kreis","status":"publish","type":"post","link":"https:\/\/www.europesays.com\/de\/211984\/","title":{"rendered":"\u201ePfalztram\u201c: Drei Linien auf dem Pr\u00fcfstand &#8211; Rhein-Pfalz-Kreis"},"content":{"rendered":"<p class=\"rhp-dpa-teaser\"><b>Fahren irgendwann Stra\u00dfenbahnen in den Kreis? Ein Ingenieurb\u00fcro soll die Wirtschaftlichkeit von verschiedenen Linien pr\u00fcfen. Die Kosten tr\u00e4gt erstmal nicht der Kreis.<\/b><\/p>\n<p> Das Thema \u201eAnbindung des Kreises an das Stra\u00dfenbahnnetz\u201c besch\u00e4ftigt die Lokalpolitiker schon seit Jahrzehnten. Seit 2018 hat es aber wieder Fahrt aufgenommen. <\/p>\n<p class=\"\">Bitte loggen Sie sich ein um den Artikel im Klartext zu sehen.<\/p>\n<p class=\"\">laWhsbe isch dnLtaar ensmleC olrr;e&amp;mKun )U(DC in der enuugnl;sj&amp;mt niStzgu sed suscssruheessaiK tereuf, sads se ieb semdie hemaT ni dne nedomnemk tnoMena lowh enein knnieel hcSirtt mlaw;trosv&amp;ru nheeg onktl;n.ume&amp;<\/p>\n<p class=\"\">neDn red nZavbrceekwd henliumc&amp;Of;etrfl rnPharheeesnekonvr &amp;<\/p>\n","protected":false},"excerpt":{"rendered":"Fahren irgendwann Stra\u00dfenbahnen in den Kreis? Ein Ingenieurb\u00fcro soll die Wirtschaftlichkeit von verschiedenen Linien pr\u00fcfen. Die Kosten tr\u00e4gt&hellip;\n","protected":false},"author":2,"featured_media":211985,"comment_status":"","ping_status":"","sticky":false,"template":"","format":"standard","meta":{"footnotes":""},"categories":[1845],"tags":[1634,31,68409,3364,29,548,663,3934,30,13,40975,4060,25476,2096,14,15,68410,5206,26286,1756,12],"class_list":{"0":"post-211984","1":"post","2":"type-post","3":"status-publish","4":"format-standard","5":"has-post-thumbnail","7":"category-mannheim","8":"tag-baden-wuerttemberg","9":"tag-cdu","10":"tag-clemens-koerner","11":"tag-de","12":"tag-deutschland","13":"tag-eu","14":"tag-europa","15":"tag-europe","16":"tag-germany","17":"tag-headlines","18":"tag-landrat","19":"tag-lokal","20":"tag-ludwigshafen","21":"tag-mannheim","22":"tag-nachrichten","23":"tag-news","24":"tag-pfalztram","25":"tag-rhein","26":"tag-rhein-pfalz-kreis","27":"tag-rheinland-pfalz","28":"tag-schlagzeilen"},"share_on_mastodon":{"url":"https:\/\/pubeurope.com\/@de\/114730748034345803","error":""},"_links":{"self":[{"href":"https:\/\/www.europesays.com\/de\/wp-json\/wp\/v2\/posts\/211984","targetHints":{"allow":["GET"]}}],"collection":[{"href":"https:\/\/www.europesays.com\/de\/wp-json\/wp\/v2\/posts"}],"about":[{"href":"https:\/\/www.europesays.com\/de\/wp-json\/wp\/v2\/types\/post"}],"author":[{"embeddable":true,"href":"https:\/\/www.europesays.com\/de\/wp-json\/wp\/v2\/users\/2"}],"replies":[{"embeddable":true,"href":"https:\/\/www.europesays.com\/de\/wp-json\/wp\/v2\/comments?post=211984"}],"version-history":[{"count":0,"href":"https:\/\/www.europesays.com\/de\/wp-json\/wp\/v2\/posts\/211984\/revisions"}],"wp:featuredmedia":[{"embeddable":true,"href":"https:\/\/www.europesays.com\/de\/wp-json\/wp\/v2\/media\/211985"}],"wp:attachment":[{"href":"https:\/\/www.europesays.com\/de\/wp-json\/wp\/v2\/media?parent=211984"}],"wp:term":[{"taxonomy":"category","embeddable":true,"href":"https:\/\/www.europesays.com\/de\/wp-json\/wp\/v2\/categories?post=211984"},{"taxonomy":"post_tag","embeddable":true,"href":"https:\/\/www.europesays.com\/de\/wp-json\/wp\/v2\/tags?post=211984"}],"curies":[{"name":"wp","href":"https:\/\/api.w.org\/{rel}","templated":true}]}}