{"id":212056,"date":"2025-06-23T04:56:12","date_gmt":"2025-06-23T04:56:12","guid":{"rendered":"https:\/\/www.europesays.com\/de\/212056\/"},"modified":"2025-06-23T04:56:12","modified_gmt":"2025-06-23T04:56:12","slug":"infotag-zum-projekt-sicherheit-im-bahnhofsumfeld","status":"publish","type":"post","link":"https:\/\/www.europesays.com\/de\/212056\/","title":{"rendered":"Infotag zum Projekt &#8222;Sicherheit im Bahnhofsumfeld&#8220;"},"content":{"rendered":"<p>Am Hauptbahnhof und Worringer Platz <\/p>\n<p>Sicherheit im Bahnhofsviertel: B\u00fcrger k\u00f6nnen sich informieren<\/p>\n<p>Aktualisiert am 23.06.2025 &#8211; 06:00 UhrLesedauer: 2 Min.<\/p>\n<p><a href=\"#focus-0\" class=\"transition-colors duration-200 focus-within:text-magenta block text-current relative\" data-sctrack=\"FocusGalleryImage.Reference\"><img fetchpriority=\"high\" data-testid=\"Opener.Image\" style=\"--lqipURL:url('https:\/\/images.t-online.de\/2024\/09\/HOqClyiPAEBf\/0x290:4000x2250\/fit-in\/150x0\/filters:blur(25)\/vorplatz-eingang-zum-hauptbahnhof-duesseldorf-nrw-deutschland-hbf-duesseldorf-forecourt-entrance-to-duesseldorf-main-station-nrw-germany-duesseldorf-main-station.jpg')\"   loading=\"eager\" src=\"https:\/\/www.europesays.com\/de\/wp-content\/uploads\/2025\/06\/vorplatz-eingang-zum-hauptbahnhof-duesseldorf-nrw-deutschland-hbf-duesseldorf-forecourt-entrance-to-.jpeg\" alt=\"imago images 0759331768\" title=\"imago images 0759331768\" width=\"4000\" height=\"2250\" class=\"bg-[url:var(--lqipURL)] bg-cover bg-center flex h-full w-full max-w-full\" decoding=\"async\"\/><img style=\"--width:32;--height:32\" loading=\"lazy\" src=\"https:\/\/www.t-online.de\/s\/paper\/_next\/static\/media\/zoom-in.f7dae02f.svg\" alt=\"Vergr\u00f6\u00dfern des Bildes\" title=\"Vergr\u00f6\u00dfern des Bildes\" class=\"block h-[calc(var(--height)_\/_16_*_1rem)] w-[calc(var(--width)_\/_16_*_1rem)] max-w-none absolute bottom-8 right-8 rounded-4 bg-snow p-8\" decoding=\"async\"\/><\/a><\/p>\n<p>Vorplatz des D\u00fcsseldorfer Hauptbahnhofs (Archivbild): Das Umfeld soll sicherer und sauberer werden. (Quelle: IMAGO\/Jochen Tack\/imago)<\/p>\n<p class=\"font-bold text-18 leading-17\">B\u00fcrger k\u00f6nnen sich am Hauptbahnhof und am Worringer Platz \u00fcber das Projekt &#8222;Sicherheit im Bahnhofsumfeld&#8220; informieren. Auch ein Dialog mit dem OB und der Polizei ist geplant.<\/p>\n<p class=\"text-18 leading-17\">Das D\u00fcsseldorfer Projekt &#8222;Sicherheit im Bahnhofsumfeld&#8220; (SiBu) stellt sich der \u00d6ffentlichkeit vor: Am Freitag, 27. Juni, k\u00f6nnen sich B\u00fcrger sowie alle Interessierten von 15 bis 20 Uhr rund um den Hauptbahnhof und am Worringer Platz \u00fcber das Projekt informieren, das im September 2024 gemeinsam von der Stadt, dem Polizeipr\u00e4sidium und der Bundespolizei initiiert wurde.<\/p>\n<p class=\"text-18 leading-17\">Doch verlagerte sich mit den Ma\u00dfnahmen das Problem eher in Richtung Hauptbahnhof. Interessierte sind jetzt eingeladen, sich vor Ort ein Bild zu machen sowie W\u00fcnsche, Anregungen und Beobachtungen zu teilen.<\/p>\n<p class=\"text-18 leading-17\">Von 15 bis 18 Uhr stellen sich zun\u00e4chst die f\u00fcnf Arbeitsgruppen des Projektes sowie das Quartiersmanagement an Info-St\u00e4nden am Hauptbahnhof und Worringer Platz vor. Um 18.30 Uhr wird der Tag mit einem &#8222;Get Together&#8220; in der Herzkammer der Zentralbibliothek am KAP1 abgeschlossen. Oberb\u00fcrgermeister Stephan Keller (CDU), der Leitende Polizeidirektor Thorsten Flei\u00df sowie Thomas Hermsen, Leiter der Bundespolizeiinspektion, werden f\u00fcr einen Dialog mit den B\u00fcrgern vor Ort sein.<\/p>\n<p class=\"text-18 leading-17\">Das Projekt &#8222;SiBu&#8220; besteht aus f\u00fcnf Themenfeldern, die sich am Freitag allesamt den B\u00fcrgern pr\u00e4sentieren werden:<\/p>\n<p class=\"text-18 leading-17\">Der Info-Point des Quartiersmanagements befindet sich am Worringer Platz.<\/p>\n","protected":false},"excerpt":{"rendered":"Am Hauptbahnhof und Worringer Platz Sicherheit im Bahnhofsviertel: B\u00fcrger k\u00f6nnen sich informieren Aktualisiert am 23.06.2025 &#8211; 06:00 UhrLesedauer:&hellip;\n","protected":false},"author":2,"featured_media":212057,"comment_status":"","ping_status":"","sticky":false,"template":"","format":"standard","meta":{"footnotes":""},"categories":[1831],"tags":[12141,41496,7025,19497,421,3364,29,433,3405,13049,30,3601,1209,121],"class_list":{"0":"post-212056","1":"post","2":"type-post","3":"status-publish","4":"format-standard","5":"has-post-thumbnail","7":"category-duesseldorf","8":"tag-drogenszene","9":"tag-bahnhofsumfeld","10":"tag-bahnhofsviertel","11":"tag-bahnhofsvorplatz","12":"tag-bundespolizei","13":"tag-de","14":"tag-deutschland","15":"tag-drogen","16":"tag-duesseldorf","17":"tag-duesseldorf-hauptbahnhof","18":"tag-germany","19":"tag-hauptbahnhof","20":"tag-nordrhein-westfalen","21":"tag-polizei"},"share_on_mastodon":{"url":"https:\/\/pubeurope.com\/@de\/114730905405814734","error":""},"_links":{"self":[{"href":"https:\/\/www.europesays.com\/de\/wp-json\/wp\/v2\/posts\/212056","targetHints":{"allow":["GET"]}}],"collection":[{"href":"https:\/\/www.europesays.com\/de\/wp-json\/wp\/v2\/posts"}],"about":[{"href":"https:\/\/www.europesays.com\/de\/wp-json\/wp\/v2\/types\/post"}],"author":[{"embeddable":true,"href":"https:\/\/www.europesays.com\/de\/wp-json\/wp\/v2\/users\/2"}],"replies":[{"embeddable":true,"href":"https:\/\/www.europesays.com\/de\/wp-json\/wp\/v2\/comments?post=212056"}],"version-history":[{"count":0,"href":"https:\/\/www.europesays.com\/de\/wp-json\/wp\/v2\/posts\/212056\/revisions"}],"wp:featuredmedia":[{"embeddable":true,"href":"https:\/\/www.europesays.com\/de\/wp-json\/wp\/v2\/media\/212057"}],"wp:attachment":[{"href":"https:\/\/www.europesays.com\/de\/wp-json\/wp\/v2\/media?parent=212056"}],"wp:term":[{"taxonomy":"category","embeddable":true,"href":"https:\/\/www.europesays.com\/de\/wp-json\/wp\/v2\/categories?post=212056"},{"taxonomy":"post_tag","embeddable":true,"href":"https:\/\/www.europesays.com\/de\/wp-json\/wp\/v2\/tags?post=212056"}],"curies":[{"name":"wp","href":"https:\/\/api.w.org\/{rel}","templated":true}]}}