{"id":212125,"date":"2025-06-23T05:35:14","date_gmt":"2025-06-23T05:35:14","guid":{"rendered":"https:\/\/www.europesays.com\/de\/212125\/"},"modified":"2025-06-23T05:35:14","modified_gmt":"2025-06-23T05:35:14","slug":"gelsenkirchener-restaurant-nimmt-an-bekannter-tv-show-teil","status":"publish","type":"post","link":"https:\/\/www.europesays.com\/de\/212125\/","title":{"rendered":"Gelsenkirchener Restaurant nimmt an bekannter TV-Show teil"},"content":{"rendered":"<p class=\"font-sans font-medium\">Gelsenkirchen. Der Gelsenkirchener Gastronom, Magnus Grimm, nimmt mit seinem Restaurant an der beliebten TV-Sendung \u201eMein Lokal, Dein Lokal\u201c teil. Darum geht\u2018s. <\/p>\n<p>Nachdem die K\u00fcche im Schloss Horst Jahre lang kalt geblieben war, gingen Magnus Grimm und Michael Isert im Herbst 2023 das Abenteuer ein, mit dem \u201e<a href=\"https:\/\/www.waz.de\/staedte\/gelsenkirchen\/article239725871\/Neues-Restaurant-im-Gelsenkirchener-Schloss-Horst-oeffnet.html\" data-category-full-path=\"\/staedte\/gelsenkirchen\/\" data-paid-status=\"premium\" data-article-publish-date=\"1696413970\" rel=\"nofollow noopener\" target=\"_blank\">GEw\u00f6lbe<\/a>\u201c im Keller des Schlosses wieder ein Restaurant zu er\u00f6ffnen. Seither ist Horst nicht nur um ein gastronomisches Angebot reicher &#8211; mit ihren Partyreihen haben Grimm und Isert auch eine neue Event-Adresse in der Stadt geschaffen.<\/p>\n<p>   Gelsenkirchen-Newsletter: Jetzt anmelden!<\/p>\n<p class=\"text-body2 mt-2\">Nachrichten, Service, Reportagen: Jeden Tag wissen, was in unserer Stadt los ist.<\/p>\n<p class=\"text-caption text-copy-secondary\">\n          Mit meiner Anmeldung zum Newsletter stimme ich der<br \/>\n          <a href=\"https:\/\/www.waz.de\/services\/newsletter-adconsent\" class=\"text-overline text-copy-accent-negative dark:underline\" rel=\"nofollow noopener\" target=\"_blank\">Werbevereinbarung<\/a><br \/>\n          zu.\n        <\/p>\n<p>Jetzt wollten es die Gelsenkirchener Gastronomen aber nochmal genau wissen und stellten sich in der beliebten TV-Sendung \u201eMein Lokal, Dein Lokal\u201c dem Urteil von Berufskollegen und einem Experten. In dem Fernsehformat f\u00fcr Kabel 1 treten f\u00fcnf Restaurantchefs einer Stadt oder einer Region gegeneinander an, um zu beweisen, dass ihr Lokal das Beste ist. Zu der Bewertung der anderen Teilnehmer ist auch die Kritik durch einen Star-Koch Teil der Sendung.\u00a0Bewertet werden die Kategorien Essen, Service und Atmosph\u00e4re. Der Sieger erh\u00e4lt die \u201eMein Lokal, Dein Lokal\u201c-Troph\u00e4e sowie ein Preisgeld in H\u00f6he von 3.000 Euro.<\/p>\n<p>    Auch interessant<\/p>\n<p>    <img decoding=\"async\" src=\"https:\/\/www.europesays.com\/de\/wp-content\/uploads\/2025\/06\/404880807_1694507475_v1_1_200.jpeg\" class=\"block w-full aspect-[1\/1] \" alt=\"Essen gehen in Gelsenkirchen: Restaurants in der Gastrokritik - unsere \u00dcbersicht.\" title=\"Essen gehen in Gelsenkirchen: Restaurants in der Gastrokritik - unsere \u00dcbersicht.\" loading=\"lazy\"\/><\/p>\n<p>Ausgestrahlt wird die Staffel in der Woche zwischen dem 30. Juni und 4. Juli. Die Folge, in der es um das GEw\u00f6lbe geht, steht am 2. Juli im Programmheft. Doch v\u00f6llig unabh\u00e4ngig davon, wie die Gelsenkirchener Gastronomie abgeschnitten hat, f\u00fcr das GEw\u00f6lbe-Team war es eine spannende und lehrreiche Erfahrung, wie Magnus Grimm berichtet. \u201eWir waren nat\u00fcrlich alle sehr aufgeregt und dabei passiert dann auch mal die eine oder andere kleinere Panne. Unterm Strich aber haben wir es sehr ordentlich hinbekommen, denke ich\u201c, sagt Grimm und freut sich auf die Ausstrahlung der Show. Das Ergebnis kennt auch er noch nicht. \u201eDas ist aber auch nicht entscheidend. Es hat uns gro\u00dfen Spa\u00df gemacht, wir haben viel gelernt von den Kollegen und von Sternekoch Christian Henze\u201c, so der Restaurantbetreiber und F\u00f6rderer des Gelsenkirchener Karnevals.<\/p>\n<p>Neben dem Gew\u00f6lbe haben in dieser Staffel Restaurants aus Gladbeck, Recklinghausen, Bottrop und Herten teilgenommen..<\/p>\n<p>Das \u201eGEw\u00f6lbe\u201c im Schloss Horst\u00a0gibt es seit fast anderthalb Jahren. Das Restaurant ist donnerstags bis sonntags ab 17 Uhr ge\u00f6ffnet. F\u00fcr Veranstaltungen, Hochzeiten und \u00c4hnliches k\u00f6nnen das \u201eGEw\u00f6lbe\u201c und die Glashalle des Schlosses auch an allen anderen Tagen und Zeiten gebucht werden.<\/p>\n","protected":false},"excerpt":{"rendered":"Gelsenkirchen. Der Gelsenkirchener Gastronom, Magnus Grimm, nimmt mit seinem Restaurant an der beliebten TV-Sendung \u201eMein Lokal, Dein Lokal\u201c&hellip;\n","protected":false},"author":2,"featured_media":212126,"comment_status":"","ping_status":"","sticky":false,"template":"","format":"standard","meta":{"footnotes":""},"categories":[1848],"tags":[3364,29,548,663,3934,3658,30,13,14,15,1209,12],"class_list":{"0":"post-212125","1":"post","2":"type-post","3":"status-publish","4":"format-standard","5":"has-post-thumbnail","7":"category-gelsenkirchen","8":"tag-de","9":"tag-deutschland","10":"tag-eu","11":"tag-europa","12":"tag-europe","13":"tag-gelsenkirchen","14":"tag-germany","15":"tag-headlines","16":"tag-nachrichten","17":"tag-news","18":"tag-nordrhein-westfalen","19":"tag-schlagzeilen"},"share_on_mastodon":{"url":"https:\/\/pubeurope.com\/@de\/114731058735755326","error":""},"_links":{"self":[{"href":"https:\/\/www.europesays.com\/de\/wp-json\/wp\/v2\/posts\/212125","targetHints":{"allow":["GET"]}}],"collection":[{"href":"https:\/\/www.europesays.com\/de\/wp-json\/wp\/v2\/posts"}],"about":[{"href":"https:\/\/www.europesays.com\/de\/wp-json\/wp\/v2\/types\/post"}],"author":[{"embeddable":true,"href":"https:\/\/www.europesays.com\/de\/wp-json\/wp\/v2\/users\/2"}],"replies":[{"embeddable":true,"href":"https:\/\/www.europesays.com\/de\/wp-json\/wp\/v2\/comments?post=212125"}],"version-history":[{"count":0,"href":"https:\/\/www.europesays.com\/de\/wp-json\/wp\/v2\/posts\/212125\/revisions"}],"wp:featuredmedia":[{"embeddable":true,"href":"https:\/\/www.europesays.com\/de\/wp-json\/wp\/v2\/media\/212126"}],"wp:attachment":[{"href":"https:\/\/www.europesays.com\/de\/wp-json\/wp\/v2\/media?parent=212125"}],"wp:term":[{"taxonomy":"category","embeddable":true,"href":"https:\/\/www.europesays.com\/de\/wp-json\/wp\/v2\/categories?post=212125"},{"taxonomy":"post_tag","embeddable":true,"href":"https:\/\/www.europesays.com\/de\/wp-json\/wp\/v2\/tags?post=212125"}],"curies":[{"name":"wp","href":"https:\/\/api.w.org\/{rel}","templated":true}]}}