{"id":212321,"date":"2025-06-23T07:25:12","date_gmt":"2025-06-23T07:25:12","guid":{"rendered":"https:\/\/www.europesays.com\/de\/212321\/"},"modified":"2025-06-23T07:25:12","modified_gmt":"2025-06-23T07:25:12","slug":"hitze-macht-laeufern-zu-schaffen","status":"publish","type":"post","link":"https:\/\/www.europesays.com\/de\/212321\/","title":{"rendered":"Hitze macht L\u00e4ufern zu schaffen"},"content":{"rendered":"<p>Rettungsdienst gefragt <\/p>\n<p>Metropolmarathon: Hitze macht L\u00e4ufern zu schaffen<\/p>\n<p>23.06.2025 &#8211; 08:56 UhrLesedauer: 1 Min.<\/p>\n<p><a href=\"#focus-0\" class=\"transition-colors duration-200 focus-within:text-magenta block text-current relative\" data-sctrack=\"FocusGalleryImage.Reference\"><img fetchpriority=\"high\" data-testid=\"Opener.Image\" style=\"--lqipURL:url('https:\/\/images.t-online.de\/2025\/06\/xOM84ozdSv97\/0x0:2100x1181\/fit-in\/150x0\/filters:blur(25)\/der-start-am-nuernberger-hauptmarkt-der-lauf-fuehrte-2025-von-nuernberg-nach-fuerth.jpg')\"   loading=\"eager\" src=\"https:\/\/www.europesays.com\/de\/wp-content\/uploads\/2025\/06\/der-start-am-nuernberger-hauptmarkt-der-lauf-fuehrte-2025-von-nuernberg-nach-fuerth.jpg\" alt=\"Der Start am N\u00fcrnberger Hauptmarkt: Der Lauf f\u00fchrte 2025 von N\u00fcrnberg nach F\u00fcrth.\" title=\"Der Start am N\u00fcrnberger Hauptmarkt: Der Lauf f\u00fchrte 2025 von N\u00fcrnberg nach F\u00fcrth.\" width=\"2100\" height=\"1181\" class=\"bg-[url:var(--lqipURL)] bg-cover bg-center flex h-full w-full max-w-full\" decoding=\"async\"\/><img style=\"--width:32;--height:32\" loading=\"lazy\" src=\"https:\/\/www.t-online.de\/s\/paper\/_next\/static\/media\/zoom-in.f7dae02f.svg\" alt=\"Vergr\u00f6\u00dfern des Bildes\" title=\"Vergr\u00f6\u00dfern des Bildes\" class=\"block h-[calc(var(--height)_\/_16_*_1rem)] w-[calc(var(--width)_\/_16_*_1rem)] max-w-none absolute bottom-8 right-8 rounded-4 bg-snow p-8\" decoding=\"async\"\/><\/a><\/p>\n<p>Der Start am N\u00fcrnberger Hauptmarkt: Der Lauf f\u00fchrte 2025 von N\u00fcrnberg nach F\u00fcrth. (Quelle: Metropolmarathon)<\/p>\n<p class=\"font-bold text-18 leading-17\">Tausende treten bei mehr als 30 Grad beim Marathon von N\u00fcrnberg nach F\u00fcrth an. Vielen macht die Hitze zu schaffen. Die Rettungskr\u00e4fte r\u00fccken deutlich \u00f6fter aus als im Vorjahr.<\/p>\n<p class=\"text-18 leading-17\">Beim Metropolmarathon am Sonntag zwischen <a class=\"transition-colors duration-200 cursor-pointer text-inherit no-underline text-salemsfur md:hover:text-magenta md:hover:border-magenta md:focus:text-magenta border-current border-b border-solid break-words\" href=\"https:\/\/www.t-online.de\/region\/nuernberg\/\" data-sctrack=\"BodyAnchor\" target=\"_blank\" rel=\"noopener\">N\u00fcrnberg<\/a> und F\u00fcrth haben die hohen Temperaturen einigen Teilnehmern zugesetzt. Rund 6.000 L\u00e4ufer starteten vom N\u00fcrnberger Hauptmarkt zur F\u00fcrther Freiheit \u00fcber Marathon-, Halbmarathon- und Zehn-Kilometer-Distanzen. Trotz Versorgung mit Wasser und Abk\u00fchlung durch Rasensprenger entlang der Strecke mussten Rettungskr\u00e4fte deutlich \u00f6fter eingreifen als in den Vorjahren, wie die Veranstalter mitteilten.<\/p>\n<p class=\"text-18 leading-17\">Zehn Teilnehmer wurden ins Klinikum F\u00fcrth eingeliefert, zwei von ihnen befanden sich laut Mitteilung der Veranstalter am Sonntagnachmittag in kritischem Zustand. N\u00fcrnbergs Oberb\u00fcrgermeister Marcus K\u00f6nig (CSU) lief selbst die Halbmarathon-Distanz. Er sagte danach laut Mitteilung: &#8222;Ein hei\u00dfer Lauf bei hei\u00dfen Temperaturen.&#8220; Sein Dank gelte allen, die mit Wasser und Rasensprengern die L\u00e4ufer abgek\u00fchlt h\u00e4tten.<\/p>\n<p class=\"text-18 leading-17\">Bereits am Samstag hatten rund 3.000 Kinder und Jugendliche beim Kidsmarathon sowie Jugend- und Nordic-Walking-Wettbewerben teilgenommen. Im kommenden Jahr f\u00fchrt der Lauf in umgekehrter Richtung von F\u00fcrth nach N\u00fcrnberg. Die Anmeldung f\u00fcr den 14. Juni 2026 ist auf der Website des Marathons bereits m\u00f6glich.<\/p>\n","protected":false},"excerpt":{"rendered":"Rettungsdienst gefragt Metropolmarathon: Hitze macht L\u00e4ufern zu schaffen 23.06.2025 &#8211; 08:56 UhrLesedauer: 1 Min. Der Start am N\u00fcrnberger&hellip;\n","protected":false},"author":2,"featured_media":212322,"comment_status":"","ping_status":"","sticky":false,"template":"","format":"standard","meta":{"footnotes":""},"categories":[1837],"tags":[722,772,3364,29,4347,30,5946,8020,68486,3783,2843],"class_list":{"0":"post-212321","1":"post","2":"type-post","3":"status-publish","4":"format-standard","5":"has-post-thumbnail","7":"category-nuernberg","8":"tag-722","9":"tag-bayern","10":"tag-de","11":"tag-deutschland","12":"tag-fuerth","13":"tag-germany","14":"tag-halbmarathon","15":"tag-hauptmarkt","16":"tag-metropolmarathon","17":"tag-nuernberg","18":"tag-rettungskraft"},"share_on_mastodon":{"url":"https:\/\/pubeurope.com\/@de\/114731491352622766","error":""},"_links":{"self":[{"href":"https:\/\/www.europesays.com\/de\/wp-json\/wp\/v2\/posts\/212321","targetHints":{"allow":["GET"]}}],"collection":[{"href":"https:\/\/www.europesays.com\/de\/wp-json\/wp\/v2\/posts"}],"about":[{"href":"https:\/\/www.europesays.com\/de\/wp-json\/wp\/v2\/types\/post"}],"author":[{"embeddable":true,"href":"https:\/\/www.europesays.com\/de\/wp-json\/wp\/v2\/users\/2"}],"replies":[{"embeddable":true,"href":"https:\/\/www.europesays.com\/de\/wp-json\/wp\/v2\/comments?post=212321"}],"version-history":[{"count":0,"href":"https:\/\/www.europesays.com\/de\/wp-json\/wp\/v2\/posts\/212321\/revisions"}],"wp:featuredmedia":[{"embeddable":true,"href":"https:\/\/www.europesays.com\/de\/wp-json\/wp\/v2\/media\/212322"}],"wp:attachment":[{"href":"https:\/\/www.europesays.com\/de\/wp-json\/wp\/v2\/media?parent=212321"}],"wp:term":[{"taxonomy":"category","embeddable":true,"href":"https:\/\/www.europesays.com\/de\/wp-json\/wp\/v2\/categories?post=212321"},{"taxonomy":"post_tag","embeddable":true,"href":"https:\/\/www.europesays.com\/de\/wp-json\/wp\/v2\/tags?post=212321"}],"curies":[{"name":"wp","href":"https:\/\/api.w.org\/{rel}","templated":true}]}}