{"id":212366,"date":"2025-06-23T07:50:10","date_gmt":"2025-06-23T07:50:10","guid":{"rendered":"https:\/\/www.europesays.com\/de\/212366\/"},"modified":"2025-06-23T07:50:10","modified_gmt":"2025-06-23T07:50:10","slug":"berlin-brandenburg-deutsche-wohnen-co-enteignen-gesetz-senkt-keine-miete","status":"publish","type":"post","link":"https:\/\/www.europesays.com\/de\/212366\/","title":{"rendered":"Berlin &#038; Brandenburg: &#8222;Deutsche Wohnen &#038; Co enteignen&#8220;: Gesetz senkt keine Miete"},"content":{"rendered":"<p>                    Berlin &amp; Brandenburg<br \/>\n                &#8222;Deutsche Wohnen &amp; Co enteignen&#8220;: Gesetz senkt keine Miete<\/p>\n<p>\t\t\t\t              23.06.2025, 09:31 Uhr<\/p>\n<p><strong>CDU und SPD in Berlin wollen mit einem Vergesellschaftungsgesetz kein Unternehmen enteignen, aber den Staat zum Eingreifen bef\u00e4higen. Die B\u00fcrgerinitiative h\u00e4lt das f\u00fcr Augenwischerei.<\/strong><\/p>\n<p>Berlin (dpa\/bb) &#8211; Die Initiative &#8222;Deutsche Wohnen &amp; Co. enteignen&#8220; hat die Pl\u00e4ne des schwarz-roten Senats f\u00fcr ein Vergesellschaftungsrahmengesetz kritisiert. &#8222;Dieses Gesetzesvorhaben ist ein reines Ablenkungsman\u00f6ver&#8220;, kritisierte die Initiative in einer Mitteilung. Von einem Rahmengesetz werde keine einzige Wohnung vergesellschaftet und somit auch keine einzige Miete g\u00fcnstiger. &#8222;W\u00e4hrenddessen verschlechtert sich die Lage f\u00fcr Mieter:innen in Berlin jeden Tag. Das ist politisches Versagen&#8220;, sagte die Sprecherin der Initiative, Lara Eckstein.<\/p>\n<p>Der CDU-Fraktionsvorsitzende Dirk Stettner erkl\u00e4rte in der RBB-Abendschau am Sonntag: &#8222;Wir wollen ja auch niemanden enteignen und wir werden auch niemanden enteignen.&#8220; Ein starker Staat solle aber pr\u00fcfen k\u00f6nnen, ob wir &#8222;als letztes Mittel&#8220; eingreifen k\u00f6nnen.\u00a0<\/p>\n<p>SPD-Fraktionschef Raed Saleh (SPD) sagte in der RBB-Abendschau, das Vergesellschaftungsrahmengesetz gebe dem Land die M\u00f6glichkeit &#8222;einzugreifen, wenn etwas schief l\u00e4uft&#8220;. Bei Fehlentwicklungen etwa in den Bereichen Energie und Wohnen m\u00fcsse der Senat nicht mehr nur zuschauen.\u00a0<\/p>\n<p>Die Regierungskoalition will einen Entwurf f\u00fcr ein Vergesellschaftungsrahmengesetz vorlegen. Beide Parteien hatten sich im Koalitionsvertrag darauf verst\u00e4ndigt. Es ist eine Reaktion auf den erfolgreichen Volksentscheid von 2021 zur Enteignung gro\u00dfer Wohnungskonzerne. Damals hatten gut 59 Prozent der W\u00e4hlerinnen und W\u00e4hler f\u00fcr die Vergesellschaftung von Immobilienunternehmen mit mehr als 3.000 Wohnungen in Berlin gestimmt.<\/p>\n","protected":false},"excerpt":{"rendered":"Berlin &amp; Brandenburg &#8222;Deutsche Wohnen &amp; Co enteignen&#8220;: Gesetz senkt keine Miete 23.06.2025, 09:31 Uhr CDU und SPD&hellip;\n","protected":false},"author":2,"featured_media":212367,"comment_status":"","ping_status":"","sticky":false,"template":"","format":"standard","meta":{"footnotes":"","_share_on_mastodon":"0"},"categories":[1816],"tags":[1960,1958,1959,1957,296,1956,1890,68513,3280,29,30,854,3317,1463],"class_list":["post-212366","post","type-post","status-publish","format-standard","has-post-thumbnail","category-brandenburg","tag-aktuelle-nachrichten-aus-berlin-und-brandenburg","tag-aktuelle-nachrichten-aus-brandenburg","tag-aktuelle-news-aus-berlin-und-brandenburg","tag-aktuelle-news-aus-brandenburg","tag-berlin","tag-berlin-und-brandenburg","tag-brandenburg","tag-co","tag-deutsche","tag-deutschland","tag-germany","tag-gesetz","tag-miete","tag-wohnen"],"share_on_mastodon":{"url":"https:\/\/pubeurope.com\/@de\/114731589676125820","error":""},"_links":{"self":[{"href":"https:\/\/www.europesays.com\/de\/wp-json\/wp\/v2\/posts\/212366","targetHints":{"allow":["GET"]}}],"collection":[{"href":"https:\/\/www.europesays.com\/de\/wp-json\/wp\/v2\/posts"}],"about":[{"href":"https:\/\/www.europesays.com\/de\/wp-json\/wp\/v2\/types\/post"}],"author":[{"embeddable":true,"href":"https:\/\/www.europesays.com\/de\/wp-json\/wp\/v2\/users\/2"}],"replies":[{"embeddable":true,"href":"https:\/\/www.europesays.com\/de\/wp-json\/wp\/v2\/comments?post=212366"}],"version-history":[{"count":0,"href":"https:\/\/www.europesays.com\/de\/wp-json\/wp\/v2\/posts\/212366\/revisions"}],"wp:featuredmedia":[{"embeddable":true,"href":"https:\/\/www.europesays.com\/de\/wp-json\/wp\/v2\/media\/212367"}],"wp:attachment":[{"href":"https:\/\/www.europesays.com\/de\/wp-json\/wp\/v2\/media?parent=212366"}],"wp:term":[{"taxonomy":"category","embeddable":true,"href":"https:\/\/www.europesays.com\/de\/wp-json\/wp\/v2\/categories?post=212366"},{"taxonomy":"post_tag","embeddable":true,"href":"https:\/\/www.europesays.com\/de\/wp-json\/wp\/v2\/tags?post=212366"}],"curies":[{"name":"wp","href":"https:\/\/api.w.org\/{rel}","templated":true}]}}