{"id":212806,"date":"2025-06-23T11:52:16","date_gmt":"2025-06-23T11:52:16","guid":{"rendered":"https:\/\/www.europesays.com\/de\/212806\/"},"modified":"2025-06-23T11:52:16","modified_gmt":"2025-06-23T11:52:16","slug":"judenhasser-marschieren-in-berlin-aber-polizei-loest-israel-demo-auf-regional","status":"publish","type":"post","link":"https:\/\/www.europesays.com\/de\/212806\/","title":{"rendered":"Judenhasser marschieren in Berlin, aber Polizei l\u00f6st Israel-Demo auf | Regional"},"content":{"rendered":"<p>Berlin \u2013 <b>Am Wochenende hetzten erneut tausende Israel-Hasser in einem Aufzug in der Hauptstadt, die Polizei nahm 50 Chaoten fest. Doch gestoppt wurde die Judenhasser-Kundgebung nicht. Unfassbar: Stattdessen wurde eine v\u00f6llig friedliche Pro-Israel-Veranstaltung am Rande der Hass-Demo beendet \u2013 aus \u201eSicherheitsgr\u00fcnden\u201c.<\/b><\/p>\n<p>Die Demonstration in <a href=\"https:\/\/www.bild.de\/regional\/berlin\/berlin-regional\/home-15823246.bild.html\" class=\"text-link\" target=\"_blank\" rel=\"noopener\">Berlin<\/a>, zu der laut Polizei 15.000 Teilnehmer kamen, war unter dem Titel \u201eUnited4Gaza\u201c angemeldet worden. Die Demonstranten sammelten sich am Platz der Republik, um von dort zum Potsdamer Platz zu ziehen.<\/p>\n<p>Auf Plakaten wurde Israel einmal mehr <a href=\"https:\/\/www.bild.de\/regional\/dortmund\/pro-palaestina-demos-israel-hasser-laufen-mit-linksradikalen-6857f3512683e910a0240a4e\" class=\"text-link\" target=\"_blank\" rel=\"noopener\">V\u00f6lkermord an den Pal\u00e4stinensern in Gaza vorgeworfen, entsprechende Parolen waren zu h\u00f6ren<\/a>. Am Potsdamer Platz kam es am Abend dann zu gewaltsamen Auseinandersetzungen zwischen Demonstranten und der Polizei.<\/p>\n<p><img decoding=\"async\" width=\"992\" height=\"558\" alt=\"Nach Ende der Demo kam es zu gewaltsamen Auseinandersetzungen zwischen Teilnehmern und der Polizei. 50 Personen wurden festgenommen\" src=\"https:\/\/www.europesays.com\/de\/wp-content\/uploads\/2025\/06\/525bf444940820b902fa88683e4ae367,d969f1d6\"   class=\"landscape\" loading=\"lazy\"\/><\/p>\n<p class=\"fig__caption__text\">Nach dem Ende der Demonstration kam es zu Ausschreitungen zwischen Protestierenden und der Polizei \u2013 50 Personen wurden festgenommen<\/p>\n<p>Foto: Getty Images Europe<\/p>\n<p>Polizei beendet Pro-Israel-Demo<\/p>\n<p>Etwa zeitgleich beendete die Polizei eine pro-israelische Demo \u2013 offenbar aus Sicherheitsgr\u00fcnden. Judenhasser marschieren, hetzen und randalieren, aber die friedliche Gegendemo wird gestoppt? Ein Skandal! Mittlerweile wird der Vorgang nach BILD-Informationen polizeiintern ausgewertet.<\/p>\n<p><b>Die Pro-<\/b><a href=\"https:\/\/www.bild.de\/news\/ausland\/palaestinenser-terror-in-der-nacht-raketen-beschuss-auf-israel-85661094.bild.html\" class=\"text-link\" target=\"_blank\" rel=\"noopener\"><b>Israel<\/b><\/a><b>-Aktion von nicht einmal 30 Menschen war bis 20 Uhr auf einem Mittelstreifen angemeldet und zuvor genehmigt worden. Als sich allerdings die Demo der Israel-Hasser n\u00e4herte, wurde die Aktion der kleinen Gruppe von der Polizei gegen 17.50 Uhr beendet.<\/b><\/p>\n<p>Lesen Sie auch<\/p>\n<p>In einem in sozialen Netzwerken kursierenden Video berichtet eine Teilnehmerin, dass die Polizei gesagt h\u00e4tte, dass sie sie und ihre Gruppe nicht h\u00e4tten sch\u00fctzen k\u00f6nnen. <\/p>\n<p><b>Ein zweites Video zeigt einen Beamten, der sich offenbar an die Pro-Israel-Demonstranten wendet. Die Tonqualit\u00e4t des Videos ist mangelhaft, zu verstehen ist nur: \u201e\u2026 deshalb muss die Demo jetzt aufgel\u00f6st werden, weil es zu gef\u00e4hrlich ist\u201c.<\/b><\/p>\n<p>Sollte die <a href=\"https:\/\/www.bild.de\/regional\/aktuelles\/polizei\/polizeieinsatz-alle-infos-76681760.bild.html\" class=\"text-link\" target=\"_blank\" rel=\"noopener\">Polizei<\/a> die Demo aus Sicherheitsgr\u00fcnden aufgel\u00f6st haben, w\u00e4re dies einem Beamten zufolge eine Niederlage der Sicherheitsbeh\u00f6rden. Denn: Das Recht auf Meinungsfreiheit gelte f\u00fcr alle und m\u00fcsse dementsprechend durchgesetzt werden. Klar ist aber auch: Nat\u00fcrlich hat die Polizei auch das Recht, bei entsprechenden Anzeichen von drohender Gefahr Versammlungen aufzul\u00f6sen.<\/p>\n<p><img decoding=\"async\" width=\"992\" height=\"558\" alt=\"15.000 Teilnehmer kamen laut Polizei am Samstag zur Anti-Israel-Demo, die vom Reichstagsgeb\u00e4ude aus durch Mitte zog\" src=\"https:\/\/www.europesays.com\/de\/wp-content\/uploads\/2025\/06\/10534b0977e10f56a939f06639f1da65,232b2ae\"   class=\"landscape\" loading=\"lazy\"\/><\/p>\n<p class=\"fig__caption__text\">15.000 Teilnehmer kamen am Samstag zur Anti-Israel-Demo, die vom Reichstagsgeb\u00e4ude aus durch Mitte zog<\/p>\n<p>Foto: picture alliance \/ Sipa USA<\/p>\n<p>Laut Polizeipr\u00e4sidentin Barbara Slowik Meisel hatte die Polizei den Schutz der Gegendemo \u201everdichtet und die pro-israelische Versammlung entsprechend in der erforderlichen Art und Weise gesch\u00fctzt\u201c, als sich die 15.000 Israelhasser n\u00e4herten. Dabei h\u00e4tte man gemeinsam mit der Versammlungsleiterin entschieden, auf die Fortsetzung der Demo zu verzichten. Eine Aufl\u00f6sung h\u00e4tte es nicht gegeben. \u201eEin Schutz f\u00fcr die Kundgebungsteilnehmenden war jederzeit gew\u00e4hrleistet\u201c, so Slowik Meisel weiter. <\/p>\n<p><b>Nach BILD-Informationen werden nun die beteiligten Beamten zu dem Vorgang befragt. Mit einem Ergebnis wird im Laufe des Montags gerechnet.<\/b><\/p>\n","protected":false},"excerpt":{"rendered":"Berlin \u2013 Am Wochenende hetzten erneut tausende Israel-Hasser in einem Aufzug in der Hauptstadt, die Polizei nahm 50&hellip;\n","protected":false},"author":2,"featured_media":212807,"comment_status":"","ping_status":"","sticky":false,"template":"","format":"standard","meta":{"footnotes":""},"categories":[1825],"tags":[712,296,710,29,30,411,121,45],"class_list":{"0":"post-212806","1":"post","2":"type-post","3":"status-publish","4":"format-standard","5":"has-post-thumbnail","7":"category-berlin","8":"tag-antisemitismus","9":"tag-berlin","10":"tag-demonstrationen","11":"tag-deutschland","12":"tag-germany","13":"tag-israel","14":"tag-polizei","15":"tag-texttospeech"},"share_on_mastodon":{"url":"https:\/\/pubeurope.com\/@de\/114732541122677525","error":""},"_links":{"self":[{"href":"https:\/\/www.europesays.com\/de\/wp-json\/wp\/v2\/posts\/212806","targetHints":{"allow":["GET"]}}],"collection":[{"href":"https:\/\/www.europesays.com\/de\/wp-json\/wp\/v2\/posts"}],"about":[{"href":"https:\/\/www.europesays.com\/de\/wp-json\/wp\/v2\/types\/post"}],"author":[{"embeddable":true,"href":"https:\/\/www.europesays.com\/de\/wp-json\/wp\/v2\/users\/2"}],"replies":[{"embeddable":true,"href":"https:\/\/www.europesays.com\/de\/wp-json\/wp\/v2\/comments?post=212806"}],"version-history":[{"count":0,"href":"https:\/\/www.europesays.com\/de\/wp-json\/wp\/v2\/posts\/212806\/revisions"}],"wp:featuredmedia":[{"embeddable":true,"href":"https:\/\/www.europesays.com\/de\/wp-json\/wp\/v2\/media\/212807"}],"wp:attachment":[{"href":"https:\/\/www.europesays.com\/de\/wp-json\/wp\/v2\/media?parent=212806"}],"wp:term":[{"taxonomy":"category","embeddable":true,"href":"https:\/\/www.europesays.com\/de\/wp-json\/wp\/v2\/categories?post=212806"},{"taxonomy":"post_tag","embeddable":true,"href":"https:\/\/www.europesays.com\/de\/wp-json\/wp\/v2\/tags?post=212806"}],"curies":[{"name":"wp","href":"https:\/\/api.w.org\/{rel}","templated":true}]}}