{"id":212953,"date":"2025-06-23T13:11:14","date_gmt":"2025-06-23T13:11:14","guid":{"rendered":"https:\/\/www.europesays.com\/de\/212953\/"},"modified":"2025-06-23T13:11:14","modified_gmt":"2025-06-23T13:11:14","slug":"nach-der-hitze-folgen-gewitter-und-schauer","status":"publish","type":"post","link":"https:\/\/www.europesays.com\/de\/212953\/","title":{"rendered":"Nach der Hitze folgen Gewitter und Schauer"},"content":{"rendered":"<p class=\"font-sans font-medium\">Berlin. Die neue Woche beginnt ungem\u00fctlich: In Berlin drohen Schauer, Gewitter und B\u00f6en. Die Wettervorhersage im \u00dcberblick.<\/p>\n<p>Turbulenter Wochenstart nach hochsommerlichem Wochenende: Die neue Woche in <a href=\"https:\/\/www.morgenpost.de\/berlin\/\" target=\"_blank\" rel=\"nofollow noopener\">Berlin<\/a> und <a href=\"https:\/\/www.morgenpost.de\/politik\/brandenburg\/\" target=\"_blank\" rel=\"nofollow noopener\">Brandenburg<\/a> startet mit wechselhaftem Wetter. Laut Deutschem Wetterdienst (DWD) ist am Montag vereinzelt mit Schauern und Gewittern zu rechnen. Die Temperaturen bleiben jedoch sommerlich mit H\u00f6chstwerten zwischen 25 und 29 Grad.<\/p>\n<p>       Wetter in Berlin und Brandenburg heute und morgen: Es k\u00f6nnte ungem\u00fctlich werden  <\/p>\n<p>In der Nacht zum Dienstag beruhigt sich das Wetter zun\u00e4chst \u2013 es bleibt meist niederschlagsfrei, aber sp\u00fcrbar k\u00fchler. Die Tiefstwerte liegen zwischen 14 und 11 Grad.<\/p>\n<p>Am Dienstag zeigt sich der Himmel \u00fcberwiegend wolkig, vereinzelt f\u00e4llt etwas Regen. Dazu weht m\u00e4\u00dfiger bis frischer Wind aus S\u00fcdwest bis West. Am Nachmittag k\u00f6nnen auch st\u00fcrmische B\u00f6en auftreten. Die H\u00f6chsttemperaturen erreichen 20 bis 25 Grad. In der Nacht zum Mittwoch bleibt es bew\u00f6lkt, \u00f6rtliche Schauer sind m\u00f6glich. Die Temperaturen sinken auf 16 bis 13 Grad. <\/p>\n<p>   Wetter in Berlin: Die Vorhersage des DWD im Detail  <\/p>\n<p><strong>Montag, 23. Juni:<\/strong> Heute wechselnd bis stark bew\u00f6lkt, am Mittag meist noch niederschlagsfrei. Ab dem fr\u00fchen Nachmittag von West nach Ost \u00f6rtlich Durchzug von Schauern und Gewittern, teils mit Starkregen und kleink\u00f6rnigem Hagel sowie schweren Sturmb\u00f6en, vereinzelt Unwetter. Im Abendverlauf nach Polen abziehend. H\u00f6chstwerte zwischen 25 und 29 Grad. Zunehmend m\u00e4\u00dfiger bis frischer Westwind, am Nachmittag auch abseits von Gewittern schwere Sturmb\u00f6en m\u00f6glich. Abends Windabnahme.<\/p>\n<p>In der Nacht zum Dienstag gering bew\u00f6lkt oder wolkig und niederschlagsfrei. Tiefstwerte zwischen 14 und 11 Grad. M\u00e4\u00dfiger S\u00fcdwestwind.<\/p>\n<p><strong>Dienstag, 24. Juni:<\/strong> Am Dienstag wechselnde bis starke Bew\u00f6lkung. Meist trocken, vereinzelt etwas Regen. H\u00f6chsttemperatur 20 bis 25 Grad. M\u00e4\u00dfiger bis frischer Wind aus S\u00fcdwest bis West mit Windb\u00f6en, am Nachmittag vereinzelt st\u00fcrmische B\u00f6en.<\/p>\n<p>In der Nacht zum Mittwoch wolkig bis stark bew\u00f6lkt, \u00f6rtlich Durchzug von Schauern. Temperaturr\u00fcckgang auf 16 bis 13 Grad. Schwacher bis m\u00e4\u00dfiger S\u00fcdwest- bis Westwind.<\/p>\n<p><strong>Mittwoch, 25. Juni:<\/strong> Am Mittwoch erst wolkig bis stark bew\u00f6lkt, \u00f6rtlich Regen. Ab dem Nachmittag zunehmende Aufheiterungen und verbreitet trocken. H\u00f6chstwerte zwischen 23 und 28 Grad. M\u00e4\u00dfiger, zeitweise b\u00f6iger Nordwest- bis Westwind.<\/p>\n<p>In der Nacht zum Donnerstag zun\u00e4chst gering bew\u00f6lkt bis wolkig und meist niederschlagsfrei. Tiefstwerte zwischen 17 und 13 Grad. Schwacher Wind aus s\u00fcdlichen Richtungen.<\/p>\n<p><strong>Donnerstag, 26. Juni:<\/strong> Am Donnerstag wechselnd, teils stark bew\u00f6lkt. Im Tagesverlauf zeit- und gebietsweise Schauer, \u00f6rtlich Gewitter mit Starkregen. H\u00f6chstwerte zwischen 26 und 30 Grad. M\u00e4\u00dfiger, teils frischer Wind, bei Gewittern lokal Sturmb\u00f6en.<\/p>\n<p>In der Nacht zum Freitag bei wechselnder bis starker Bew\u00f6lkung \u00f6rtlich Schauer, vereinzelt Gewitter. Tiefstwerte zwischen 17 und 14 Grad. M\u00e4\u00dfiger, bei Schauern und Gewittern b\u00f6iger Wind um S\u00fcdwest.<\/p>\n<p>dpa<\/p>\n","protected":false},"excerpt":{"rendered":"Berlin. Die neue Woche beginnt ungem\u00fctlich: In Berlin drohen Schauer, Gewitter und B\u00f6en. Die Wettervorhersage im \u00dcberblick. Turbulenter&hellip;\n","protected":false},"author":2,"featured_media":212954,"comment_status":"","ping_status":"","sticky":false,"template":"","format":"standard","meta":{"footnotes":""},"categories":[1825],"tags":[1941,1939,296,1937,29,30,1940,1938],"class_list":{"0":"post-212953","1":"post","2":"type-post","3":"status-publish","4":"format-standard","5":"has-post-thumbnail","7":"category-berlin","8":"tag-aktuelle-nachrichten-aus-berlin","9":"tag-aktuelle-news-aus-berlin","10":"tag-berlin","11":"tag-berlin-news","12":"tag-deutschland","13":"tag-germany","14":"tag-nachrichten-aus-berlin","15":"tag-news-aus-berlin"},"share_on_mastodon":{"url":"https:\/\/pubeurope.com\/@de\/114732852136949763","error":""},"_links":{"self":[{"href":"https:\/\/www.europesays.com\/de\/wp-json\/wp\/v2\/posts\/212953","targetHints":{"allow":["GET"]}}],"collection":[{"href":"https:\/\/www.europesays.com\/de\/wp-json\/wp\/v2\/posts"}],"about":[{"href":"https:\/\/www.europesays.com\/de\/wp-json\/wp\/v2\/types\/post"}],"author":[{"embeddable":true,"href":"https:\/\/www.europesays.com\/de\/wp-json\/wp\/v2\/users\/2"}],"replies":[{"embeddable":true,"href":"https:\/\/www.europesays.com\/de\/wp-json\/wp\/v2\/comments?post=212953"}],"version-history":[{"count":0,"href":"https:\/\/www.europesays.com\/de\/wp-json\/wp\/v2\/posts\/212953\/revisions"}],"wp:featuredmedia":[{"embeddable":true,"href":"https:\/\/www.europesays.com\/de\/wp-json\/wp\/v2\/media\/212954"}],"wp:attachment":[{"href":"https:\/\/www.europesays.com\/de\/wp-json\/wp\/v2\/media?parent=212953"}],"wp:term":[{"taxonomy":"category","embeddable":true,"href":"https:\/\/www.europesays.com\/de\/wp-json\/wp\/v2\/categories?post=212953"},{"taxonomy":"post_tag","embeddable":true,"href":"https:\/\/www.europesays.com\/de\/wp-json\/wp\/v2\/tags?post=212953"}],"curies":[{"name":"wp","href":"https:\/\/api.w.org\/{rel}","templated":true}]}}