{"id":213184,"date":"2025-06-23T15:13:14","date_gmt":"2025-06-23T15:13:14","guid":{"rendered":"https:\/\/www.europesays.com\/de\/213184\/"},"modified":"2025-06-23T15:13:14","modified_gmt":"2025-06-23T15:13:14","slug":"usa-greifen-iran-an-mehr-fragen-als-antworten-politik","status":"publish","type":"post","link":"https:\/\/www.europesays.com\/de\/213184\/","title":{"rendered":"USA greifen Iran an: Mehr Fragen als Antworten &#8211; Politik"},"content":{"rendered":"<p>Die USA haben Fakten geschaffen. Welche genau, bleibt unklar. Und es wird noch viel Zeit brauchen, bis dr\u00e4ngende Fragen gekl\u00e4rt sind, kommentiert Christian Gottschalk,<\/p>\n<p>\u00dcber die rein milit\u00e4rische Leistung, die von den <a href=\"https:\/\/www.esslinger-zeitung.de\/thema\/USA\" title=\"USA\" class=\"art_thema\" target=\"_blank\" rel=\"noopener\">USA<\/a> am Wochenende erbracht worden ist, staunt die Welt. Ein Flug \u00fcber 18 Stunden hinweg, ein, soweit das bis jetzt bekannt ist, \u00e4u\u00dferst pr\u00e4ziser Schlag mit Hightech-Waffen, und dann den ganzen Weg wieder zur\u00fcck in die Vereinigten Staaten. Wenn die US-amerikanische F\u00fchrungskrise nun jubelt, dass niemand sonst in der Welt zu so etwas in der Lage sei, muss man dieser Aussage wohl zustimmen. Jenseits dieser zur Schau gestellten milit\u00e4rischen Leistungsf\u00e4higkeit wird es deutlich komplizierter, den sich auft\u00fcrmenden Berg an Fragen zu beantworten.<\/p>\n","protected":false},"excerpt":{"rendered":"Die USA haben Fakten geschaffen. Welche genau, bleibt unklar. Und es wird noch viel Zeit brauchen, bis dr\u00e4ngende&hellip;\n","protected":false},"author":2,"featured_media":213185,"comment_status":"","ping_status":"","sticky":false,"template":"","format":"standard","meta":{"footnotes":""},"categories":[3977],"tags":[331,332,13,345,411,4693,14,15,12,143,4017,4018,4016,64,4019,4020,65260],"class_list":{"0":"post-213184","1":"post","2":"type-post","3":"status-publish","4":"format-standard","5":"has-post-thumbnail","7":"category-usa","8":"tag-aktuelle-nachrichten","9":"tag-aktuelle-news","10":"tag-headlines","11":"tag-iran","12":"tag-israel","13":"tag-kommentar","14":"tag-nachrichten","15":"tag-news","16":"tag-schlagzeilen","17":"tag-tuerkei","18":"tag-united-states","19":"tag-united-states-of-america","20":"tag-us","21":"tag-usa","22":"tag-vereinigte-staaten","23":"tag-vereinigte-staaten-von-amerika","24":"tag-voelkerrecht"},"share_on_mastodon":{"url":"https:\/\/pubeurope.com\/@de\/114733331468275482","error":""},"_links":{"self":[{"href":"https:\/\/www.europesays.com\/de\/wp-json\/wp\/v2\/posts\/213184","targetHints":{"allow":["GET"]}}],"collection":[{"href":"https:\/\/www.europesays.com\/de\/wp-json\/wp\/v2\/posts"}],"about":[{"href":"https:\/\/www.europesays.com\/de\/wp-json\/wp\/v2\/types\/post"}],"author":[{"embeddable":true,"href":"https:\/\/www.europesays.com\/de\/wp-json\/wp\/v2\/users\/2"}],"replies":[{"embeddable":true,"href":"https:\/\/www.europesays.com\/de\/wp-json\/wp\/v2\/comments?post=213184"}],"version-history":[{"count":0,"href":"https:\/\/www.europesays.com\/de\/wp-json\/wp\/v2\/posts\/213184\/revisions"}],"wp:featuredmedia":[{"embeddable":true,"href":"https:\/\/www.europesays.com\/de\/wp-json\/wp\/v2\/media\/213185"}],"wp:attachment":[{"href":"https:\/\/www.europesays.com\/de\/wp-json\/wp\/v2\/media?parent=213184"}],"wp:term":[{"taxonomy":"category","embeddable":true,"href":"https:\/\/www.europesays.com\/de\/wp-json\/wp\/v2\/categories?post=213184"},{"taxonomy":"post_tag","embeddable":true,"href":"https:\/\/www.europesays.com\/de\/wp-json\/wp\/v2\/tags?post=213184"}],"curies":[{"name":"wp","href":"https:\/\/api.w.org\/{rel}","templated":true}]}}