{"id":213363,"date":"2025-06-23T16:47:11","date_gmt":"2025-06-23T16:47:11","guid":{"rendered":"https:\/\/www.europesays.com\/de\/213363\/"},"modified":"2025-06-23T16:47:11","modified_gmt":"2025-06-23T16:47:11","slug":"fcn-kommt-ibrahimovic-4-fragen-zum-nuernberg-auftakt-sport","status":"publish","type":"post","link":"https:\/\/www.europesays.com\/de\/213363\/","title":{"rendered":"FCN: Kommt Ibrahimovic?: 4 Fragen zum N\u00fcrnberg-Auftakt | Sport"},"content":{"rendered":"<p><b>Sommer, Sonne, Vorbereitung!<\/b><\/p>\n<p>Nach 36 Tagen Urlaub starten die Profis des 1, FC N\u00fcrnberg am Dienstag (14.30 Uhr) in die neue Saison. Auch vor der zweiten Saison von Weltmeister Miroslav Klose (47) als Club-Trainer steht der FCN vor einem gro\u00dfen personellen Umbruch. Elf Profis haben den Verein im Sommer verlassen. BILD beantwortet die wichtigsten Fragen zum Trainingsstart.<\/p>\n<p>Lesen Sie auch<\/p>\n<p><b>Kommt Ibrahimovi\u0107?<\/b><\/p>\n<p>Wie BILD mehrfach berichtete, bem\u00fcht sich der 1. FC N\u00fcrnberg seit Wochen um ein Leihgesch\u00e4ft von Bayern-Juwel Arijon Ibrahimovi\u0107 (19\/nicht verwandt mit Superstar Zlatan). Der Deutsch-Kosovare kann sich eine R\u00fcckkehr in seine Geburtsstadt sehr gut vorstellen. Allerdings k\u00e4mpft auch Bundesligist Heidenheim um den offensiven Mittelfeldspieler, der auch auf den Au\u00dfenbahnen spielen kann. Noch in dieser Woche soll es eine Entscheidung geben, ob Ibrahimovi\u0107 tats\u00e4chlich zum Club ausgeliehen wird.<\/p>\n<p>Auch interessant<\/p>\n<p>Anzeige<\/p>\n<p>Auch interessant<\/p>\n<p>Anzeige<\/p>\n<p><b>Welche Leihspieler kehren zur\u00fcck?<\/b><\/p>\n<p>Wer beim Club in den letzten Jahren ausgeliehen wurde, konnte seine Wohnung in N\u00fcrnberg getrost f\u00fcr immer aufl\u00f6sen. Genau das will FCN-Sportvorstand Joti Chatzialexiou (49) in den n\u00e4chsten Jahren \u00e4ndern. Auch deswegen bekommt der Bayreuther Jannik Hofmann (34\/VfB Stuttgart II) wieder eine Chance, sich in der Vorbereitung anzubieten. Die anderen noch unter Vertrag stehenden Leihspieler Iv\u00e1n M\u00e1rquez (31\/NEC Nijmegen), Ali Loune (23\/ Erzgebirge Aue) und Manuel Wintzheimer (26\/Rot-Weiss Essen) sind derzeit freigestellt und d\u00fcrfen sich einen neuen Verein suchen. Die Wechselkandidaten Benjamin Goller (26) und Florian Flick (25) werden heute auf dem Platz stehen, spielen aber in N\u00fcrnbergs Planungen keine gro\u00dfe Rolle mehr. Torh\u00fcter Michal Kukucka (22) soll wie Nicolas Ortegel (24\/zu BFC Dynamo Berlin)  verliehen werden.<\/p>\n<p>Lesen Sie auch<\/p>\n<p><b>Bleibt Jander?<\/b><\/p>\n<p>Dass N\u00fcrnbergs Jungstar beim Trainingsauftakt fehlt, war schon seit Wochen klar. Immerhin k\u00e4mpft Jander derzeit mit der U21 in der Slowakei um die Europameisterschaft. Ob der M\u00fcnsterl\u00e4nder \u00fcberhaupt noch einmal im Club-Trikot spielen wird, ist weiter offen. Zwar hat Jander noch einen Vertrag bis 2028 (ohne Ausstiegsklausel!), aber es ist kein Geheimnis mehr, dass der Ex-Duisburger von der halben Bundesliga und zahlreichen ausl\u00e4ndischen Vereinen beobachtet wird. Tendenz: Bei einem zweistelligen Millionen-Angebot d\u00fcrften die Club-Bosse wohl schwach werden.<\/p>\n<p><b>Wie viele Neue sollen noch kommen?<\/b><\/p>\n<p>Sieben externe Zug\u00e4nge (Semir Telalovic, Tom Baack, Robin Lisewski, Ayoub Chaikhoun, Justin von der Hitz, Kristian Mandic, Artem Stepanov) hat der FCN bisher verpflichtet. Dabei wird es aber mit Sicherheit nicht bleiben. Denn der auch in der kommenden Saison extrem jungen Mannschaft fehlt es noch eindeutig an Erfahrung. Und die braucht es nahezu in allen Mannschaftsteilen. Mindestens drei, wahrscheinlich aber eher mehr neue Spieler werden im Laufe der Vorbereitung sicher noch zur Mannschaft sto\u00dfen.<\/p>\n<p>Hier geht\u2019s nicht um Fu\u00dfball: Emotionaler Messi-Moment<a href=\"https:\/\/www.bild.de\/sport\/fussball\/hier-gehts-nicht-um-fussball-emotionaler-messi-moment-in-den-katakomben-6857b5737f4c7167cc51f39d\" class=\"anchor\" target=\"_blank\" rel=\"noopener\"><img decoding=\"async\" width=\"992\" height=\"558\" alt=\"Hier geht\u2019s nicht um Fu\u00dfball: Emotionaler Messi-Moment in den Katakomben\" src=\"https:\/\/www.europesays.com\/de\/wp-content\/uploads\/2025\/06\/d8a414210ad8279c221ea649a73c66b9,353bd015\"   class=\"landscape teaser__image\" loading=\"lazy\"\/><\/a><\/p>\n<p>Quelle: BILD\/Instagram @hopewithhulda22.06.2025<\/p>\n<p><b>Wie viele Testspiele stehen an?<\/b><\/p>\n<p>Bisher stehen drei Vorbereitungspartien des FCN fest. Den Anfang macht am 1. Juli (18.30 Uhr) das fast schon traditionelle Gastspiel des FCN beim 1. FC Hersbruck. Am 12. Juli empf\u00e4ngt der Club dann Drittliga-Aufsteiger Schweinfurt 05.  Zur Generalprobe eine Woche vor Ligastart kommt am 26. Juli (14 Uhr) letztlich Bundesligist Borussia M\u00f6nchengladbach ins Max-Morlock-Stadion. Zudem wird auch im Trainingslager (13.-20. Juli in S\u00fcdtirol) getestet. <b>Der Gegner steht allerdings bisher noch nicht fest.<\/b><\/p>\n","protected":false},"excerpt":{"rendered":"Sommer, Sonne, Vorbereitung! Nach 36 Tagen Urlaub starten die Profis des 1, FC N\u00fcrnberg am Dienstag (14.30 Uhr)&hellip;\n","protected":false},"author":2,"featured_media":213364,"comment_status":"","ping_status":"","sticky":false,"template":"","format":"standard","meta":{"footnotes":""},"categories":[1837],"tags":[783,772,3364,29,347,30,786,3783,803,877,1470,45,3767,784],"class_list":{"0":"post-213363","1":"post","2":"type-post","3":"status-publish","4":"format-standard","5":"has-post-thumbnail","7":"category-nuernberg","8":"tag-1-fc-nuernberg","9":"tag-bayern","10":"tag-de","11":"tag-deutschland","12":"tag-fussball","13":"tag-germany","14":"tag-klose-miroslav","15":"tag-nuernberg","16":"tag-spielertransfer","17":"tag-spobi-2-liga","18":"tag-sport-leuchtturm-muenchen","19":"tag-texttospeech","20":"tag-training","21":"tag-zweite-bundesliga"},"share_on_mastodon":{"url":"https:\/\/pubeurope.com\/@de\/114733701190407738","error":""},"_links":{"self":[{"href":"https:\/\/www.europesays.com\/de\/wp-json\/wp\/v2\/posts\/213363","targetHints":{"allow":["GET"]}}],"collection":[{"href":"https:\/\/www.europesays.com\/de\/wp-json\/wp\/v2\/posts"}],"about":[{"href":"https:\/\/www.europesays.com\/de\/wp-json\/wp\/v2\/types\/post"}],"author":[{"embeddable":true,"href":"https:\/\/www.europesays.com\/de\/wp-json\/wp\/v2\/users\/2"}],"replies":[{"embeddable":true,"href":"https:\/\/www.europesays.com\/de\/wp-json\/wp\/v2\/comments?post=213363"}],"version-history":[{"count":0,"href":"https:\/\/www.europesays.com\/de\/wp-json\/wp\/v2\/posts\/213363\/revisions"}],"wp:featuredmedia":[{"embeddable":true,"href":"https:\/\/www.europesays.com\/de\/wp-json\/wp\/v2\/media\/213364"}],"wp:attachment":[{"href":"https:\/\/www.europesays.com\/de\/wp-json\/wp\/v2\/media?parent=213363"}],"wp:term":[{"taxonomy":"category","embeddable":true,"href":"https:\/\/www.europesays.com\/de\/wp-json\/wp\/v2\/categories?post=213363"},{"taxonomy":"post_tag","embeddable":true,"href":"https:\/\/www.europesays.com\/de\/wp-json\/wp\/v2\/tags?post=213363"}],"curies":[{"name":"wp","href":"https:\/\/api.w.org\/{rel}","templated":true}]}}