{"id":213479,"date":"2025-06-23T17:49:09","date_gmt":"2025-06-23T17:49:09","guid":{"rendered":"https:\/\/www.europesays.com\/de\/213479\/"},"modified":"2025-06-23T17:49:09","modified_gmt":"2025-06-23T17:49:09","slug":"junges-ensemble-entfuehrt-zuschauer-auf-einsame-insel","status":"publish","type":"post","link":"https:\/\/www.europesays.com\/de\/213479\/","title":{"rendered":"Junges Ensemble entf\u00fchrt Zuschauer auf einsame Insel"},"content":{"rendered":"<p class=\"richtext text-em-55 !leading-serif mx-6 desktop:mx-0\">In Teamarbeit wird eine ganze Produktion gestaltet. Zehn Monate ist Zeit, um zu proben und Ideen zu B\u00fchnenbild, Kost\u00fcmen und Musik umzusetzen. F\u00fcr die Klassen 7 bis 9 gibt es den Theaterclub Rampenlichter, f\u00fcr die \u00c4lteren den Lampenfieber-Kurs. Das neue St\u00fcck des Theaterclubs Lampenfieber kam am Freitag in der Aula des Berufskollegs Elberfeld auf die B\u00fchne. Unter der Regie von Annegret Calaminus und Lars Emrich zeigten elf Spieler ihre Version des Jugendromans \u201eIsola\u201c.<\/p>\n<p class=\"richtext text-em-55 !leading-serif mx-6 desktop:mx-0\">Einen Film am anderen Ende der Welt drehen? In Isabel Abedis \u201eIsola\u201c erf\u00fcllt sich dieser Wunsch f\u00fcr eine Gruppe frisch gecasteter Jugendlicher. Drei Wochen m\u00fcssen sie auf einer einsamen Insel vor der K\u00fcste Brasiliens verbringen, ohne Handys, ohne Verbindung zur Au\u00dfenwelt. Kameras nehmen alles auf, was in der Zwischenzeit passiert. Kurz nach der Ankunft \u00fcberrumpelt der Filmregisseur die Teenager mit einem Spiel. Alle sollen einen Zettel ziehen, einer von ihnen wird als \u201eM\u00f6rder\u201d ausgelost. Der kann einen Mitspieler ausschalten, indem er ihn am Handgelenk fasst, wenn sie allein sind. Da jeder der M\u00f6rder sein k\u00f6nnte, breiten sich Misstrauen und Angst aus. Die Dinge geraten au\u00dfer Kontrolle, als der Regisseur verschwindet. Neben der Abenteuergeschichte bietet Abedis Buchvorlage vielf\u00e4ltige Charaktere \u2013 die bestens aufgelegten Darstellerinnen und Darsteller sind kaum \u00e4lter als die Romanfiguren. Im Mittelpunkt des bunten Geschehens stehen Vera und Solo. Glaubhaft verk\u00f6rpern Carola Ziemer und Raphael Krau\u00df Au\u00dfenseiter, die sich behutsam einander n\u00e4hern und mit neu gewonnenem Selbstvertrauen zur Aufkl\u00e4rung der Geheimnisse beitragen. Nicht recht \u00fcberzeugt das zweite Paar auf der B\u00fchne. W\u00e4hrend Krau\u00df die Rolle von Solos \u201eunschuldig schuldigem\u201c Zwillingsbruder mit Leben f\u00fcllt, gelangt Rubi-Minza Munz nicht \u00fcber den Typ der intriganten Verf\u00fchrerin hinaus. Stark dagegen ist Alina Herrmann, die als Veras Alter Ego der Handlung eine weitere Dimension verleiht. Sie ist die Erz\u00e4hlerin, die sich immer wieder einschaltet, konzentriert und ernst \u00fcber Veras Eindr\u00fccke und Gef\u00fchle reflektiert. Dass der Humor nicht zu kurz kommt, liegt vor allem an Mathilda Fahsel. Als rebellischer Joker unterl\u00e4uft sie die auf der Insel geltenden Spielregeln und sorgt zuverl\u00e4ssig f\u00fcr z\u00fcndende Gags. Zu den Extrovertierten geh\u00f6rt auch Lena Rosa Hillenbrand, die als kontaktfreudige Elfe die Handlung vorantreibt. Weitere Vorstellungen von \u201eIsola\u201c gibt es am 7. und 8. Juli im Theater im Berufskolleg, Bundesallee 222. Beginn ist jeweils um 19 Uhr.<\/p>\n","protected":false},"excerpt":{"rendered":"In Teamarbeit wird eine ganze Produktion gestaltet. Zehn Monate ist Zeit, um zu proben und Ideen zu B\u00fchnenbild,&hellip;\n","protected":false},"author":2,"featured_media":213480,"comment_status":"","ping_status":"","sticky":false,"template":"","format":"standard","meta":{"footnotes":""},"categories":[1840],"tags":[96,59343,3364,29,30,20132,23611,68778,68775,44962,68777,1209,94,68776,52959,4418,6226],"class_list":{"0":"post-213479","1":"post","2":"type-post","3":"status-publish","4":"format-standard","5":"has-post-thumbnail","7":"category-wuppertal","8":"tag-buehne","9":"tag-buehnenbild","10":"tag-de","11":"tag-deutschland","12":"tag-germany","13":"tag-handlung","14":"tag-insel","15":"tag-isabel-abedi","16":"tag-isola","17":"tag-jugendtheater","18":"tag-lampenfieber","19":"tag-nordrhein-westfalen","20":"tag-theater","21":"tag-theaterclub","22":"tag-vera","23":"tag-wuppertal","24":"tag-wuppertaler"},"share_on_mastodon":{"url":"https:\/\/pubeurope.com\/@de\/114733944920401990","error":""},"_links":{"self":[{"href":"https:\/\/www.europesays.com\/de\/wp-json\/wp\/v2\/posts\/213479","targetHints":{"allow":["GET"]}}],"collection":[{"href":"https:\/\/www.europesays.com\/de\/wp-json\/wp\/v2\/posts"}],"about":[{"href":"https:\/\/www.europesays.com\/de\/wp-json\/wp\/v2\/types\/post"}],"author":[{"embeddable":true,"href":"https:\/\/www.europesays.com\/de\/wp-json\/wp\/v2\/users\/2"}],"replies":[{"embeddable":true,"href":"https:\/\/www.europesays.com\/de\/wp-json\/wp\/v2\/comments?post=213479"}],"version-history":[{"count":0,"href":"https:\/\/www.europesays.com\/de\/wp-json\/wp\/v2\/posts\/213479\/revisions"}],"wp:featuredmedia":[{"embeddable":true,"href":"https:\/\/www.europesays.com\/de\/wp-json\/wp\/v2\/media\/213480"}],"wp:attachment":[{"href":"https:\/\/www.europesays.com\/de\/wp-json\/wp\/v2\/media?parent=213479"}],"wp:term":[{"taxonomy":"category","embeddable":true,"href":"https:\/\/www.europesays.com\/de\/wp-json\/wp\/v2\/categories?post=213479"},{"taxonomy":"post_tag","embeddable":true,"href":"https:\/\/www.europesays.com\/de\/wp-json\/wp\/v2\/tags?post=213479"}],"curies":[{"name":"wp","href":"https:\/\/api.w.org\/{rel}","templated":true}]}}