{"id":213605,"date":"2025-06-23T18:59:14","date_gmt":"2025-06-23T18:59:14","guid":{"rendered":"https:\/\/www.europesays.com\/de\/213605\/"},"modified":"2025-06-23T18:59:14","modified_gmt":"2025-06-23T18:59:14","slug":"schellhammer-tritt-fuer-gruene-an","status":"publish","type":"post","link":"https:\/\/www.europesays.com\/de\/213605\/","title":{"rendered":"Schellhammer tritt f\u00fcr Gr\u00fcne an"},"content":{"rendered":"<p class=\"paragraph --regular --color\" data-v-a4a747d8=\"\" data-v-0c32301e=\"\"> Schellhammer bringt umfangreiche politische Erfahrung mit. Seit 2011 geh\u00f6rt sie zum rheinland-pf\u00e4lzischen Landtag und leitet seit 2023 die Gr\u00fcnen-Landtagsfraktion. Dar\u00fcber hinaus engagiert sie sich in zivilgesellschaftlichen Initiativen wie \u201eRheinhessen gegen Rechts\u201c und dem \u201eF\u00f6rderverein Gedenkst\u00e4tte KZ Osthofen\u201c. Sie tritt f\u00fcr Klimaschutz, den Ausbau des Nah- und Radverkehrs, einen wirtschaftlich starken Standort sowie Weltoffenheit ein.<\/p>\n","protected":false},"excerpt":{"rendered":"Schellhammer bringt umfangreiche politische Erfahrung mit. Seit 2011 geh\u00f6rt sie zum rheinland-pf\u00e4lzischen Landtag und leitet seit 2023 die&hellip;\n","protected":false},"author":2,"featured_media":49867,"comment_status":"","ping_status":"","sticky":false,"template":"","format":"standard","meta":{"footnotes":""},"categories":[1847],"tags":[5650,5651,5652,5654,5655,3364,29,548,663,3934,30,5660,13,2052,5656,5653,5657,1427,14,15,5659,5658,5661,12,4544,5662],"class_list":{"0":"post-213605","1":"post","2":"type-post","3":"status-publish","4":"format-standard","5":"has-post-thumbnail","7":"category-wiesbaden","8":"tag-alzey","9":"tag-bad-kreuznach","10":"tag-bad-sobernheim","11":"tag-bingen","12":"tag-buerstadt","13":"tag-de","14":"tag-deutschland","15":"tag-eu","16":"tag-europa","17":"tag-europe","18":"tag-germany","19":"tag-guntersblum","20":"tag-headlines","21":"tag-hessen","22":"tag-ingelheim","23":"tag-kirn","24":"tag-lampertheim","25":"tag-mainz","26":"tag-nachrichten","27":"tag-news","28":"tag-nierstein","29":"tag-oppenheim","30":"tag-ruesselsheim","31":"tag-schlagzeilen","32":"tag-wiesbaden","33":"tag-worms"},"share_on_mastodon":{"url":"https:\/\/pubeurope.com\/@de\/114734220225801922","error":""},"_links":{"self":[{"href":"https:\/\/www.europesays.com\/de\/wp-json\/wp\/v2\/posts\/213605","targetHints":{"allow":["GET"]}}],"collection":[{"href":"https:\/\/www.europesays.com\/de\/wp-json\/wp\/v2\/posts"}],"about":[{"href":"https:\/\/www.europesays.com\/de\/wp-json\/wp\/v2\/types\/post"}],"author":[{"embeddable":true,"href":"https:\/\/www.europesays.com\/de\/wp-json\/wp\/v2\/users\/2"}],"replies":[{"embeddable":true,"href":"https:\/\/www.europesays.com\/de\/wp-json\/wp\/v2\/comments?post=213605"}],"version-history":[{"count":0,"href":"https:\/\/www.europesays.com\/de\/wp-json\/wp\/v2\/posts\/213605\/revisions"}],"wp:featuredmedia":[{"embeddable":true,"href":"https:\/\/www.europesays.com\/de\/wp-json\/wp\/v2\/media\/49867"}],"wp:attachment":[{"href":"https:\/\/www.europesays.com\/de\/wp-json\/wp\/v2\/media?parent=213605"}],"wp:term":[{"taxonomy":"category","embeddable":true,"href":"https:\/\/www.europesays.com\/de\/wp-json\/wp\/v2\/categories?post=213605"},{"taxonomy":"post_tag","embeddable":true,"href":"https:\/\/www.europesays.com\/de\/wp-json\/wp\/v2\/tags?post=213605"}],"curies":[{"name":"wp","href":"https:\/\/api.w.org\/{rel}","templated":true}]}}