{"id":213662,"date":"2025-06-23T19:32:11","date_gmt":"2025-06-23T19:32:11","guid":{"rendered":"https:\/\/www.europesays.com\/de\/213662\/"},"modified":"2025-06-23T19:32:11","modified_gmt":"2025-06-23T19:32:11","slug":"dynamo-dresden-die-hintergruende-des-millionen-deals-um-den-fanshop-sport","status":"publish","type":"post","link":"https:\/\/www.europesays.com\/de\/213662\/","title":{"rendered":"Dynamo Dresden: Die Hintergr\u00fcnde des Millionen-Deals um den Fanshop | Sport"},"content":{"rendered":"<p><b>Es ist das Ende eines monatelangen Zoffs bei Dynamo Dresden. Wie der Zweitligist am Montag bekannt gab, ist der komplette R\u00fcckkauf des ehemals ausgelagerten Fanshops besiegelt. Der genaue Ablauf wurde beim Notar festgezurrt. BILD erkl\u00e4rt die Hintergr\u00fcnde eines millionenschweren Projekts.<\/b><\/p>\n<p>2009 hatte der damals chronisch klamme Klub die Merchandising-Rechte des Vereins auf einen externen Dienstleister, die egocentric GmbH, \u00fcbertragen. Was auch den bis dahin selbst betriebenen Fanshop betraf. Rund 17 Jahre sp\u00e4ter kehrt er in Vereinseigentum zur\u00fcck.<\/p>\n<p><b>Zum 1. Januar 2026 erwirbt die SGD die restlichen 50 Prozent der Dynamo Dresden Merchandising GmbH. Bereits 2023 hatte man die erste H\u00e4lfte von der egocentric \u00fcbernommen.<\/b><\/p>\n<p>Lesen Sie auch<\/p>\n<p>Doch wie l\u00e4uft der Fanshop-Deal genau? <\/p>\n<p><b>Nach BILD-Informationen kostet der vollst\u00e4ndige R\u00fcckkauf etwa 1,5 Mio. Euro. Die Zahlung wird dabei in Raten geleistet, der letzte Teil der Summe flie\u00dft 2028. <\/b><\/p>\n<p>Die vollumf\u00e4nglichen Rechte an der Merchandising GmbH geh\u00f6ren <a href=\"https:\/\/www.bild.de\/sport\/fussball\/dynamo-dresden\/startseite-dynamo-46789412.bild.html\" class=\"text-link\" rel=\"nofollow noopener\" target=\"_blank\">Dynamo Dresden<\/a> aber schon ab Januar 2026 &#8211; und damit sogar sechs Monate eher, als von den Vereinsmitgliedern in einer au\u00dferordentlichen Mitgliederversammlung gefordert.<\/p>\n<p><img decoding=\"async\" width=\"992\" height=\"558\" alt=\"S\u00e4mtliche Fanartikel werden ab 2026 wieder vom Verein verkauft\" src=\"https:\/\/www.europesays.com\/de\/wp-content\/uploads\/2025\/06\/ba2e0cc941220a1239d4bf923ed6b193,8c1ad63b\"   class=\"landscape\" loading=\"lazy\"\/><\/p>\n<p class=\"fig__caption__text\">S\u00e4mtliche Fanartikel werden ab 2026 wieder vom Verein verkauft<\/p>\n<p>Foto: Oliver Mueller\/Jan Huebner<\/p>\n<p><b>Wie BILD erfuhr, erh\u00e4lt die egocentric GmbH im Gegenzug noch f\u00fcr einen bestimmten Zeitraum eine gewisse Gewinnbeteiligung an der Fanshop GmbH.<\/b><\/p>\n<p>Wichtig: Das bisher florierende Gesch\u00e4ft mit Dynamos Fanartikeln ist in seiner Entwicklung nicht gef\u00e4hrdet. Denn die gefundene L\u00f6sung schlie\u00dft im Wesentlichen die \u00dcbernahme des vorhandenen Personals sowie den dadurch gegebenen Erhalt der Expertise ein.<\/p>\n<p><b>Mit 7,23 Mio. Euro Jahresumsatz liegt es auf Bundesliga-Niveau, bei einzelnen Kennzahlen ist es im deutschen Vergleich sogar Europapokal-tauglich. Und das Ziel war und ist es offensichtlich weiterhin, bis 2028 eine Steigerung auf 10 Mio. Euro Umsatz pro Saison hinzubekommen.<\/b><\/p>\n<p><img decoding=\"async\" width=\"992\" height=\"558\" alt=\"Kommunikations-Gesch\u00e4ftsf\u00fchrer David Fischer hatte sich beim Thema Fanshop lange einen Streit mit den Ultras geliefert\" src=\"https:\/\/www.europesays.com\/de\/wp-content\/uploads\/2025\/06\/cf5b60a709ce00617b8480ceae5b7140,4331bfbc\"   class=\"landscape\" loading=\"lazy\"\/><\/p>\n<p class=\"fig__caption__text\">Gesch\u00e4ftsf\u00fchrer David Fischer hatte sich beim Thema Fanshop einen Streit mit den Ultras geliefert<\/p>\n<p>Foto: Olaf Rentsch<\/p>\n<p>Unter diesen Gesichtspunkten scheint es nicht unwahrscheinlich, dass Fanshop-Chef Felix Lorenz nun sogar bereit ist, weiterzumachen. <\/p>\n<p><b>Dynamos Kommunikations-Gesch\u00e4ftsf\u00fchrer David Fischer (40), der sich lange mit den Ultras einen Streit \u00fcber den richtigen Zeitpunkt des R\u00fcckkaufs geliefert hatte, verk\u00fcndet: \u201eWir sind zun\u00e4chst einmal sehr froh, dass wir den Prozess des Kaufes, der in den vergangenen Monaten \u00e4u\u00dferst emotional gepr\u00e4gt war, mit einer guten, wirtschaftlich tragbaren L\u00f6sung f\u00fcr den Verein zum Abschluss bringen konnten.\u201c<\/b><\/p>\n<p>Sieg f\u00fcr die Ultras<\/p>\n<p>Die egocentric werde als starker Partner das Fanshop-Gesch\u00e4ft der SGD weiter eng begleiten. Allerdings eben nicht mehr als Miteigent\u00fcmer, sondern als reiner Dienstleister, w\u00e4hrend der Verein die F\u00e4den vollkommen in eigenen H\u00e4nden h\u00e4lt.<\/p>\n<p><b>Dies war der <\/b><a href=\"https:\/\/www.bild.de\/sport\/fussball\/dynamo-dresden-mitglieder-beschliessen-sofortigen-fanshop-rueckkauf-67d6f54c0154214ead806267\" class=\"text-link\" rel=\"nofollow noopener\" target=\"_blank\"><b>aktiven Fanszene<\/b><\/a><b> und auch dem Gro\u00dfteil der Mitglieder besonders bedeutsam. Letztlich ging es um Unabh\u00e4ngigkeit und die Chance, Mehreinnahmen zu generieren, indem Gewinne perspektivisch nicht mehr geteilt werden m\u00fcssen.<\/b><\/p>\n<p>Fazit: Die Dynamo-Ultras haben einen klaren Punktsieg errungen. Lange wurde ihnen von den Vereinsbossen erkl\u00e4rt, dass der R\u00fcckkauf erst 2028 m\u00f6glich ist. Nun klappt es &#8211; ohne gro\u00dfe Nachteile &#8211; auch 2026.<\/p>\n<p><b>Das laute Poltern hat sich offenbar gelohnt&#8230;<\/b><\/p>\n","protected":false},"excerpt":{"rendered":"Es ist das Ende eines monatelangen Zoffs bei Dynamo Dresden. Wie der Zweitligist am Montag bekannt gab, ist&hellip;\n","protected":false},"author":2,"featured_media":213663,"comment_status":"","ping_status":"","sticky":false,"template":"","format":"standard","meta":{"footnotes":""},"categories":[1835],"tags":[621,3364,29,2386,3766,4758,1002,347,666,30,17227,3768,859,3460,45,10439],"class_list":{"0":"post-213662","1":"post","2":"type-post","3":"status-publish","4":"format-standard","5":"has-post-thumbnail","7":"category-dresden","8":"tag-2-bundesliga","9":"tag-de","10":"tag-deutschland","11":"tag-dresden","12":"tag-dynamo-dresden","13":"tag-fan-artikel","14":"tag-fans","15":"tag-fussball","16":"tag-geld","17":"tag-germany","18":"tag-geschaeftsfuehrer","19":"tag-kaufen","20":"tag-sachsen","21":"tag-sport-leuchtturm-leipzig","22":"tag-texttospeech","23":"tag-ultras"},"share_on_mastodon":{"url":"https:\/\/pubeurope.com\/@de\/114734350035960152","error":""},"_links":{"self":[{"href":"https:\/\/www.europesays.com\/de\/wp-json\/wp\/v2\/posts\/213662","targetHints":{"allow":["GET"]}}],"collection":[{"href":"https:\/\/www.europesays.com\/de\/wp-json\/wp\/v2\/posts"}],"about":[{"href":"https:\/\/www.europesays.com\/de\/wp-json\/wp\/v2\/types\/post"}],"author":[{"embeddable":true,"href":"https:\/\/www.europesays.com\/de\/wp-json\/wp\/v2\/users\/2"}],"replies":[{"embeddable":true,"href":"https:\/\/www.europesays.com\/de\/wp-json\/wp\/v2\/comments?post=213662"}],"version-history":[{"count":0,"href":"https:\/\/www.europesays.com\/de\/wp-json\/wp\/v2\/posts\/213662\/revisions"}],"wp:featuredmedia":[{"embeddable":true,"href":"https:\/\/www.europesays.com\/de\/wp-json\/wp\/v2\/media\/213663"}],"wp:attachment":[{"href":"https:\/\/www.europesays.com\/de\/wp-json\/wp\/v2\/media?parent=213662"}],"wp:term":[{"taxonomy":"category","embeddable":true,"href":"https:\/\/www.europesays.com\/de\/wp-json\/wp\/v2\/categories?post=213662"},{"taxonomy":"post_tag","embeddable":true,"href":"https:\/\/www.europesays.com\/de\/wp-json\/wp\/v2\/tags?post=213662"}],"curies":[{"name":"wp","href":"https:\/\/api.w.org\/{rel}","templated":true}]}}