{"id":213695,"date":"2025-06-23T19:49:12","date_gmt":"2025-06-23T19:49:12","guid":{"rendered":"https:\/\/www.europesays.com\/de\/213695\/"},"modified":"2025-06-23T19:49:12","modified_gmt":"2025-06-23T19:49:12","slug":"iaa-2025-welche-umwege-muenchner-fuer-die-automesse-in-kauf-nehmen-muessen","status":"publish","type":"post","link":"https:\/\/www.europesays.com\/de\/213695\/","title":{"rendered":"IAA 2025: Welche Umwege M\u00fcnchner f\u00fcr die Automesse in Kauf nehmen m\u00fcssen"},"content":{"rendered":"<p>Diesen Herbst \u2013 vom 9. bis 14. September \u2013 findet in <a href=\"https:\/\/www.abendzeitung-muenchen.de\/muenchen\/\" rel=\"nofollow noopener\" target=\"_blank\">M\u00fcnchen<\/a> wieder die Auto-Ausstellung IAA statt. Und wie in den Vorjahren nicht nur auf dem Messegel\u00e4nde, sondern auch in der Innenstadt. Auf dem K\u00f6nigsplatz, vor der Oper, auf dem Wittelsbacher- und auf dem <a href=\"https:\/\/www.abendzeitung-muenchen.de\/thema\/odeonsplatz\/\" rel=\"nofollow noopener\" target=\"_blank\">Odeonsplatz<\/a>, in den Residenzh\u00f6fen und auf der Ludwigstra\u00dfe werden dann wieder gro\u00dfe Messest\u00e4nde stehen, um (haupts\u00e4chlich) Autos zu bewerben. Open Space nennt die IAA das.<\/p>\n<p>F\u00fcr die M\u00fcnchner ergeben sich Einschr\u00e4nkungen \u2013 und zwar nicht nur w\u00e4hrend der f\u00fcnf Messetage, sondern f\u00fcr mehr als zwei Wochen. Denn auch w\u00e4hrend des Auf- und Abbaus m\u00fcssen Radfahrer und Fu\u00dfg\u00e4nger Umwege nehmen. Katharina Horn, die Gesch\u00e4ftsf\u00fchrerin des Bund Naturschutz in M\u00fcnchen, h\u00e4lt die Einschr\u00e4nkungen f\u00fcr zu stark. \u201eWir finden es nicht gut, dass eine Werbeveranstaltung so viel Raum in der Stadt einnimmt\u201c, sagt sie.<\/p>\n<p><img decoding=\"async\" src=\"https:\/\/www.abendzeitung-muenchen.de\/design\/images\/muc_silhouette_short.svg\"\/><\/p>\n<p>K\u00f6nigsplatz gesperrt: So m\u00fcssen Radler ausweichen<\/p>\n<p>Denn so m\u00fcssen Radfahrer ab 31. August bis zum 19. September den K\u00f6nigsplatz umfahren. Wenn sie stadteinw\u00e4rts radeln, m\u00fcssen sie \u00fcber die Gabelsbergerstra\u00dfe, stadtausw\u00e4rts \u00fcber die Karlstra\u00dfe. Entlang der Antikensammlung darf man im Schritttempo radeln.<\/p>\n<p>Durch die Residenzstra\u00dfe kommen Radler ab dem 3. September nicht mehr. Bis zum Abbau der Messe am 18. September ist die Durchfahrt gesperrt. Stattdessen soll man durch den Hofgarten und um die Residenz herumfahren. Fu\u00dfg\u00e4nger k\u00f6nnen die Residenzstra\u00dfe uneingeschr\u00e4nkt passieren.<\/p>\n<p>  <img decoding=\"async\" loading=\"lazy\" src=\"https:\/\/www.europesays.com\/de\/wp-content\/uploads\/2025\/06\/1575493_bmw-messestand-auf-der-iaa-mobility_artikelbild_1EmmZm_Ecg316.jpg\" alt=\"Weil vor der Oper und am Odeonsplatz ebenfalls Messest\u00e4nde stehen werden, wird die Residenzstra\u00dfe f\u00fcr Radler gesperrt.\" title=\"Weil vor der Oper und am Odeonsplatz ebenfalls Messest\u00e4nde stehen werden, wird die Residenzstra\u00dfe f\u00fcr Radler gesperrt.\" width=\"812\" height=\"459\"\/><\/p>\n<p>      Weil vor der Oper und am Odeonsplatz ebenfalls Messest\u00e4nde stehen werden, wird die Residenzstra\u00dfe f\u00fcr Radler gesperrt.<br \/>\n      \u00a9 imago<\/p>\n<p>    Weil vor der Oper und am Odeonsplatz ebenfalls Messest\u00e4nde stehen werden, wird die Residenzstra\u00dfe f\u00fcr Radler gesperrt.<\/p>\n<p>von imago <\/p>\n<p>&#8222;}&#8220;&gt; <\/p>\n<p>Diese Hauptroute f\u00fcr den Radverkehr ist gesperrt<\/p>\n<p>Besonders st\u00f6rt die Bund-Naturschutz-Chefin, dass eine der \u201eHauptrouten f\u00fcr den Radverkehr\u201c f\u00fcr die IAA gesperrt wird: n\u00e4mlich die Ludwigstra\u00dfe. Der Radweg auf der Ostseite der Ludwigstra\u00dfe (also Richtung M\u00fcnchner Freiheit) ist w\u00e4hrend des Auf- und Abbaus vom 3. bis 8. September und vom 15. bis 18. September nicht befahrbar. Radler sollen stattdessen \u00fcber die K\u00f6niginstra\u00dfe fahren. Auf der anderen Seite, Richtung Innenstadt, ist Radeln m\u00f6glich. Den Odeonsplatz muss man allerdings \u00fcber die Kardinal-D\u00f6pfner-Stra\u00dfe umfahren.<\/p>\n<p>\u00c4rgerlich findet Katharina Horn au\u00dferdem die Einschr\u00e4nkungen im \u00d6PNV. Denn einige Bushaltestellen werden gar nicht mehr angefahren. Die Buslinien 58, 68 und 100 werden w\u00e4hrend der IAA ab Hauptbahnhof \u00fcber die Augustenstra\u00dfe zur Gabelsbergerstra\u00dfe fahren. Zum Hauptbahnhof werden die Busse bereits auf H\u00f6he Theresienstra\u00dfe in die Augustenstra\u00dfe umgeleitet.<\/p>\n<p>  <img decoding=\"async\" loading=\"lazy\" src=\"https:\/\/www.europesays.com\/de\/wp-content\/uploads\/2025\/06\/1575492_open-space-auf-dem-koenigsplatz_artikelbild_1EmmYr_wKWWGJ.jpg\" alt=\"Auch am K\u00f6nigsplatz werden f\u00fcr die Automesse St\u00e4nde aufgebaut. Radfahrer k\u00f6nnen dann nicht mehr \u00fcber den Platz fahren.\" title=\"Auch am K\u00f6nigsplatz werden f\u00fcr die Automesse St\u00e4nde aufgebaut. Radfahrer k\u00f6nnen dann nicht mehr \u00fcber den Platz fahren.\" width=\"812\" height=\"459\"\/><\/p>\n<p>      Auch am K\u00f6nigsplatz werden f\u00fcr die Automesse St\u00e4nde aufgebaut. Radfahrer k\u00f6nnen dann nicht mehr \u00fcber den Platz fahren.<br \/>\n      \u00a9 imago\/ Frank Hoermann<\/p>\n<p>    Auch am K\u00f6nigsplatz werden f\u00fcr die Automesse St\u00e4nde aufgebaut. Radfahrer k\u00f6nnen dann nicht mehr \u00fcber den Platz fahren.<\/p>\n<p>von imago\/ Frank Hoermann <\/p>\n<p>&#8222;}&#8220;&gt; <\/p>\n<p>Die Haltestellen in der Luisenstra\u00dfe und K\u00f6nigsplatz werden w\u00e4hrend der IAA nicht angefahren. Weil der Odeonsplatz und die Ludwigstra\u00dfe f\u00fcr die IAA gesperrt sind, kann auch der Bus in diesem Bereich nicht halten. Richtung Hauptbahnhof wird der Stadtbus 100 umgeleitet (auf den Oskar-von-Miller-Ring, die T\u00fcrkenstra\u00dfe zur Gabelsbergerstra\u00dfe). Die Haltestellen in der Ludwigstra\u00dfe\/Von-der-Tann-Stra\u00dfe und Theresienstra\u00dfe\/Amalienstra\u00dfe werden nicht angefahren.<\/p>\n<p>&#8222;Fu\u00dfg\u00e4ngern gegen\u00fcber ist das unfair&#8220;<\/p>\n<p>Auch die Metro-Busse 58 und 68 fahren nicht regul\u00e4r. Die Haltestellen <a href=\"https:\/\/www.abendzeitung-muenchen.de\/thema\/leopoldstrasse\/\" rel=\"nofollow noopener\" target=\"_blank\">Leopoldstra\u00dfe<\/a> und Georgenstra\u00dfe fallen aus. In der Ludwigstra\u00dfe h\u00e4lt kein Bus an den Haltestellen Siegestor, Universit\u00e4t, Von-der-Tann-Stra\u00dfe. Ebenfalls entfallen die Haltestellen am Oskar-von-Miller-Ring und in der Theresienstra\u00dfe \u00f6stlich der Barer Stra\u00dfe. Bei den Buslinien 153 und 154 entfallen ebenfalls Halte im Univiertel.<\/p>\n<p>\u201eFu\u00dfg\u00e4ngern gegen\u00fcber ist das unfair\u201c, findet Horn. In \u201eZeiten des Klimawandels\u201c sieht sie solche gro\u00dfen Messest\u00e4nde, wie sie f\u00fcr die IAA aufgebaut werden, generell kritisch. Wenn dann sollte die Messe aus ihrer Sicht in Riem stattfinden. \u201eDort ist genug Platz. Anders als in dichten Wohngebieten.\u201c<\/p>\n<p>Auch die Gr\u00fcnen sehen die Open Spaces in der Innenstadt kritisch. Gr\u00fcnen-Stadtr\u00e4tin Gudrun Lux findet aber, dass die Einschr\u00e4nkungen diesmal weniger drastisch ausfallen als bei fr\u00fcheren IAAs. \u201eDas ist eine positive Entwicklung\u201c, sagt sie.<\/p>\n","protected":false},"excerpt":{"rendered":"Diesen Herbst \u2013 vom 9. bis 14. September \u2013 findet in M\u00fcnchen wieder die Auto-Ausstellung IAA statt. Und&hellip;\n","protected":false},"author":2,"featured_media":213696,"comment_status":"","ping_status":"","sticky":false,"template":"","format":"standard","meta":{"footnotes":""},"categories":[1827],"tags":[18000,772,29,5715,30,2013,38033,2065,1268,68830,22711],"class_list":{"0":"post-213695","1":"post","2":"type-post","3":"status-publish","4":"format-standard","5":"has-post-thumbnail","7":"category-muenchen","8":"tag-radwege","9":"tag-bayern","10":"tag-deutschland","11":"tag-fussgaenger","12":"tag-germany","13":"tag-gruene","14":"tag-iaa","15":"tag-innenstadt","16":"tag-muenchen","17":"tag-open-space","18":"tag-umweg"},"share_on_mastodon":{"url":"https:\/\/pubeurope.com\/@de\/114734417141544897","error":""},"_links":{"self":[{"href":"https:\/\/www.europesays.com\/de\/wp-json\/wp\/v2\/posts\/213695","targetHints":{"allow":["GET"]}}],"collection":[{"href":"https:\/\/www.europesays.com\/de\/wp-json\/wp\/v2\/posts"}],"about":[{"href":"https:\/\/www.europesays.com\/de\/wp-json\/wp\/v2\/types\/post"}],"author":[{"embeddable":true,"href":"https:\/\/www.europesays.com\/de\/wp-json\/wp\/v2\/users\/2"}],"replies":[{"embeddable":true,"href":"https:\/\/www.europesays.com\/de\/wp-json\/wp\/v2\/comments?post=213695"}],"version-history":[{"count":0,"href":"https:\/\/www.europesays.com\/de\/wp-json\/wp\/v2\/posts\/213695\/revisions"}],"wp:featuredmedia":[{"embeddable":true,"href":"https:\/\/www.europesays.com\/de\/wp-json\/wp\/v2\/media\/213696"}],"wp:attachment":[{"href":"https:\/\/www.europesays.com\/de\/wp-json\/wp\/v2\/media?parent=213695"}],"wp:term":[{"taxonomy":"category","embeddable":true,"href":"https:\/\/www.europesays.com\/de\/wp-json\/wp\/v2\/categories?post=213695"},{"taxonomy":"post_tag","embeddable":true,"href":"https:\/\/www.europesays.com\/de\/wp-json\/wp\/v2\/tags?post=213695"}],"curies":[{"name":"wp","href":"https:\/\/api.w.org\/{rel}","templated":true}]}}