{"id":213954,"date":"2025-06-23T22:15:39","date_gmt":"2025-06-23T22:15:39","guid":{"rendered":"https:\/\/www.europesays.com\/de\/213954\/"},"modified":"2025-06-23T22:15:39","modified_gmt":"2025-06-23T22:15:39","slug":"parteibueros-von-spd-cdu-und-gruenen-besprueht","status":"publish","type":"post","link":"https:\/\/www.europesays.com\/de\/213954\/","title":{"rendered":"Parteib\u00fcros von SPD, CDU und Gr\u00fcnen bespr\u00fcht"},"content":{"rendered":"<p>Protest gegen Aufr\u00fcstung <\/p>\n<p>Parteib\u00fcros von SPD, CDU und Gr\u00fcnen bespr\u00fcht<\/p>\n<p>23.06.2025 &#8211; 14:44 UhrLesedauer: 1 Min.<\/p>\n<p><a href=\"#focus-0\" class=\"transition-colors duration-200 focus-within:text-magenta block text-current relative\" data-sctrack=\"FocusGalleryImage.Reference\"><img fetchpriority=\"high\" data-testid=\"Opener.Image\" style=\"--lqipURL:url('https:\/\/images.t-online.de\/2025\/06\/m8zowL7fFB7b\/0x209:4000x2250\/fit-in\/150x0\/filters:blur(25)\/person-sprueht-mit-graffiti-archivbild-die-cdu-spd-und-gruenen-klagen-ueber-schmierereien-an-ihren-parteibueros.jpg')\"   loading=\"eager\" src=\"https:\/\/www.europesays.com\/de\/wp-content\/uploads\/2025\/06\/person-sprueht-mit-graffiti-archivbild-die-cdu-spd-und-gruenen-klagen-ueber-schmierereien-an-ihren-p.jpeg\" alt=\"imago images 0756080573\" title=\"imago images 0756080573\" width=\"4000\" height=\"2250\" class=\"bg-[url:var(--lqipURL)] bg-cover bg-center flex h-full w-full max-w-full\" decoding=\"async\"\/><img style=\"--width:32;--height:32\" loading=\"lazy\" src=\"https:\/\/www.t-online.de\/s\/paper\/_next\/static\/media\/zoom-in.f7dae02f.svg\" alt=\"Vergr\u00f6\u00dfern des Bildes\" title=\"Vergr\u00f6\u00dfern des Bildes\" class=\"block h-[calc(var(--height)_\/_16_*_1rem)] w-[calc(var(--width)_\/_16_*_1rem)] max-w-none absolute bottom-8 right-8 rounded-4 bg-snow p-8\" decoding=\"async\"\/><\/a><\/p>\n<p>Person spr\u00fcht mit Graffiti (Archivbild): Die CDU, SPD und Gr\u00fcnen klagen \u00fcber Schmierereien an ihren Parteib\u00fcros. (Quelle: Kira Hofmann)<\/p>\n<p class=\"font-bold text-18 leading-17\">Unbekannte spr\u00fchen politische Parolen auf Parteizentralen in Essen. Die Polizei sichert Spuren, der Staatsschutz ermittelt.<\/p>\n<p class=\"text-18 leading-17\">In der Nacht zu Freitag sind die Parteizentralen von <a class=\"transition-colors duration-200 cursor-pointer text-inherit no-underline text-salemsfur md:hover:text-magenta md:hover:border-magenta md:focus:text-magenta border-current border-b border-solid break-words\" href=\"https:\/\/www.t-online.de\/themen\/spd\/\" data-sctrack=\"BodyAnchor\" rel=\"nofollow noopener\" target=\"_blank\">SPD<\/a>, <a class=\"transition-colors duration-200 cursor-pointer text-inherit no-underline text-salemsfur md:hover:text-magenta md:hover:border-magenta md:focus:text-magenta border-current border-b border-solid break-words\" href=\"https:\/\/www.t-online.de\/themen\/cdu\/\" data-sctrack=\"BodyAnchor\" rel=\"nofollow noopener\" target=\"_blank\">CDU<\/a> und Gr\u00fcnen <a class=\"transition-colors duration-200 cursor-pointer text-inherit no-underline text-salemsfur md:hover:text-magenta md:hover:border-magenta md:focus:text-magenta border-current border-b border-solid break-words\" href=\"https:\/\/www.t-online.de\/region\/essen\/\" data-sctrack=\"BodyAnchor\" rel=\"nofollow noopener\" target=\"_blank\">in Essen<\/a> von mutma\u00dflichen Antifaschisten mit politischen Parolen beschmiert worden. Wie &#8222;Radio Essen&#8220; berichtet, h\u00e4tten die T\u00e4ter unter anderem die Parolen &#8222;Free all Antifas&#8220; an der CDU-Zentrale, &#8222;Kriegstreiber&#8220; bei den Gr\u00fcnen und &#8222;Klassenverr\u00e4ter&#8220; sowie kommunistische Symbole an der SPD-Zentrale in der Severinstra\u00dfe. Diese sei besonders stark betroffen.<\/p>\n<p class=\"text-18 leading-17\">&#8222;Parteib\u00fcros zu beschmieren ist kein Protest, sondern Sachbesch\u00e4digung und kein Beitrag zu einer guten Debatte. Ich will ein Essen, in dem wir diskutieren k\u00f6nnen, ohne zu zerst\u00f6ren \u2013 und in dem sich alle sicher f\u00fchlen&#8220;, schrieb die Essener SPDlerin Julia Klewin in einem Beitrag auf der Plattform Instagram.<\/p>\n<p class=\"text-18 leading-17\">Laut einem anonymen Bekennerschreiben auf Indymedia richtet sich die Attacke &#8222;an die gesamte Regierung&#8220; und ist ein Protest gegen die Aufr\u00fcstung Europas.<\/p>\n<p class=\"text-18 leading-17\">Der Polizei ermittelt wegen der Farbattacken, der Staatsschutz ist eingeschaltet.<\/p>\n","protected":false},"excerpt":{"rendered":"Protest gegen Aufr\u00fcstung Parteib\u00fcros von SPD, CDU und Gr\u00fcnen bespr\u00fcht 23.06.2025 &#8211; 14:44 UhrLesedauer: 1 Min. Person spr\u00fcht&hellip;\n","protected":false},"author":2,"featured_media":213955,"comment_status":"","ping_status":"","sticky":false,"template":"","format":"standard","meta":{"footnotes":""},"categories":[1834],"tags":[11361,32845,689,31,3364,29,3688,30,1209,68887,4419,121,2552,45253,184],"class_list":{"0":"post-213954","1":"post","2":"type-post","3":"status-publish","4":"format-standard","5":"has-post-thumbnail","7":"category-essen","8":"tag-radio-essen","9":"tag-antifa","10":"tag-aufruestung","11":"tag-cdu","12":"tag-de","13":"tag-deutschland","14":"tag-essen","15":"tag-germany","16":"tag-nordrhein-westfalen","17":"tag-parteibuero","18":"tag-parteizentrale","19":"tag-polizei","20":"tag-sachbeschaedigung","21":"tag-schmiererei","22":"tag-spd"},"share_on_mastodon":{"url":"https:\/\/pubeurope.com\/@de\/114734990893935650","error":""},"_links":{"self":[{"href":"https:\/\/www.europesays.com\/de\/wp-json\/wp\/v2\/posts\/213954","targetHints":{"allow":["GET"]}}],"collection":[{"href":"https:\/\/www.europesays.com\/de\/wp-json\/wp\/v2\/posts"}],"about":[{"href":"https:\/\/www.europesays.com\/de\/wp-json\/wp\/v2\/types\/post"}],"author":[{"embeddable":true,"href":"https:\/\/www.europesays.com\/de\/wp-json\/wp\/v2\/users\/2"}],"replies":[{"embeddable":true,"href":"https:\/\/www.europesays.com\/de\/wp-json\/wp\/v2\/comments?post=213954"}],"version-history":[{"count":0,"href":"https:\/\/www.europesays.com\/de\/wp-json\/wp\/v2\/posts\/213954\/revisions"}],"wp:featuredmedia":[{"embeddable":true,"href":"https:\/\/www.europesays.com\/de\/wp-json\/wp\/v2\/media\/213955"}],"wp:attachment":[{"href":"https:\/\/www.europesays.com\/de\/wp-json\/wp\/v2\/media?parent=213954"}],"wp:term":[{"taxonomy":"category","embeddable":true,"href":"https:\/\/www.europesays.com\/de\/wp-json\/wp\/v2\/categories?post=213954"},{"taxonomy":"post_tag","embeddable":true,"href":"https:\/\/www.europesays.com\/de\/wp-json\/wp\/v2\/tags?post=213954"}],"curies":[{"name":"wp","href":"https:\/\/api.w.org\/{rel}","templated":true}]}}