{"id":214058,"date":"2025-06-23T23:11:15","date_gmt":"2025-06-23T23:11:15","guid":{"rendered":"https:\/\/www.europesays.com\/de\/214058\/"},"modified":"2025-06-23T23:11:15","modified_gmt":"2025-06-23T23:11:15","slug":"aerger-um-fahrplan-des-sparkassenbusses-in-castrop-rauxel","status":"publish","type":"post","link":"https:\/\/www.europesays.com\/de\/214058\/","title":{"rendered":"\u00c4rger um Fahrplan des Sparkassenbusses in Castrop-Rauxel"},"content":{"rendered":"<p>\t\t\u00c4rger um den Sparkassenbus in Castrop-Rauxel<br \/>\n\t\t\t\t\tEin Stadtteil ist vom Fahrplan verschwunden<\/p>\n<p>\t\t<img alt=\"\" src=\"https:\/\/www.europesays.com\/de\/wp-content\/uploads\/2025\/04\/630_0036_40550_.jpg\"  class=\"avatar avatar-36 photo avatar-default\" height=\"36\" width=\"36\" loading=\"lazy\" decoding=\"async\"\/>\t\t<a class=\"article-author__name\" href=\"https:\/\/www.ruhrnachrichten.de\/author\/tobias-weckenbrock\/\" rel=\"author nofollow noopener\" target=\"_blank\">Tobias Weckenbrock<\/a><br \/>\n\t\tRedakteur<\/p>\n<p>\t23.06.2025 18:30 Uhr<\/p>\n<p>\t\tTeilen<\/p>\n<p>\n\tIn Merkliste \u00fcbernehmen\n<\/p>\n<p>    <a href=\"https:\/\/www.ruhrnachrichten.de\/wp-content\/uploads\/2025\/06\/23\/15\/630_0900_4814248_Fahrplan_Sparkassenbus2-1648x824.jpg\" rel=\"nofollow noopener\" target=\"_blank\"><\/p>\n<p>            <img decoding=\"async\" fetchpriority=\"high\" src=\"https:\/\/www.europesays.com\/de\/wp-content\/uploads\/2025\/06\/630_0900_4814247_Fahrplan_Sparkassenbus2-640x428.jpg\" width=\"640\" height=\"428\"  alt=\"Der Sparkassen-Bus f\u00e4hrt jetzt zum Anfang der Woche nach Habinghorst. Das freut die Habinghorster rund um den Postplatz wie Adil Tamouh vom B\u00fcrgerverein. Aber es \u00e4rgert anderswo.\"\/><\/p>\n<p>    <\/a><br \/>\n    Der Sparkassen-Bus f\u00e4hrt jetzt zum Anfang der Woche nach Habinghorst. Das freut die Habinghorster rund um den Postplatz wie Adil Tamouh vom B\u00fcrgerverein. Aber es \u00e4rgert anderswo. \u00a9 Adil Tamouh<\/p>\n<p class=\"article__teaser-text\">Der Sparkassenbus kommt jetzt auch nach Habinghorst. Auf dem Montags-Fahrplan wurde am fr\u00fchen Morgen aber daf\u00fcr ein anderer Standort gestrichen.<\/p>\n<p>2 Min Lesezeit<\/p>\n<p>\n\t<a href=\"https:\/\/www.ruhrnachrichten.de\" class=\"button button--brand button--link home-button\" rel=\"nofollow noopener\" target=\"_blank\">Zur Startseite<\/a><\/p>\n","protected":false},"excerpt":{"rendered":"\u00c4rger um den Sparkassenbus in Castrop-Rauxel Ein Stadtteil ist vom Fahrplan verschwunden Tobias Weckenbrock Redakteur 23.06.2025 18:30 Uhr&hellip;\n","protected":false},"author":2,"featured_media":214059,"comment_status":"","ping_status":"","sticky":false,"template":"","format":"standard","meta":{"footnotes":""},"categories":[1839],"tags":[6258,7507,3364,29,30,1209,173],"class_list":{"0":"post-214058","1":"post","2":"type-post","3":"status-publish","4":"format-standard","5":"has-post-thumbnail","7":"category-bochum","8":"tag-bargeld","9":"tag-bochum","10":"tag-de","11":"tag-deutschland","12":"tag-germany","13":"tag-nordrhein-westfalen","14":"tag-unternehmen"},"share_on_mastodon":{"url":"https:\/\/pubeurope.com\/@de\/114735211388144811","error":""},"_links":{"self":[{"href":"https:\/\/www.europesays.com\/de\/wp-json\/wp\/v2\/posts\/214058","targetHints":{"allow":["GET"]}}],"collection":[{"href":"https:\/\/www.europesays.com\/de\/wp-json\/wp\/v2\/posts"}],"about":[{"href":"https:\/\/www.europesays.com\/de\/wp-json\/wp\/v2\/types\/post"}],"author":[{"embeddable":true,"href":"https:\/\/www.europesays.com\/de\/wp-json\/wp\/v2\/users\/2"}],"replies":[{"embeddable":true,"href":"https:\/\/www.europesays.com\/de\/wp-json\/wp\/v2\/comments?post=214058"}],"version-history":[{"count":0,"href":"https:\/\/www.europesays.com\/de\/wp-json\/wp\/v2\/posts\/214058\/revisions"}],"wp:featuredmedia":[{"embeddable":true,"href":"https:\/\/www.europesays.com\/de\/wp-json\/wp\/v2\/media\/214059"}],"wp:attachment":[{"href":"https:\/\/www.europesays.com\/de\/wp-json\/wp\/v2\/media?parent=214058"}],"wp:term":[{"taxonomy":"category","embeddable":true,"href":"https:\/\/www.europesays.com\/de\/wp-json\/wp\/v2\/categories?post=214058"},{"taxonomy":"post_tag","embeddable":true,"href":"https:\/\/www.europesays.com\/de\/wp-json\/wp\/v2\/tags?post=214058"}],"curies":[{"name":"wp","href":"https:\/\/api.w.org\/{rel}","templated":true}]}}