{"id":214173,"date":"2025-06-24T00:13:09","date_gmt":"2025-06-24T00:13:09","guid":{"rendered":"https:\/\/www.europesays.com\/de\/214173\/"},"modified":"2025-06-24T00:13:09","modified_gmt":"2025-06-24T00:13:09","slug":"ein-grosses-herz-fuer-kinder-und-fuer-halles-kinderstadt","status":"publish","type":"post","link":"https:\/\/www.europesays.com\/de\/214173\/","title":{"rendered":"Ein gro\u00dfes Herz f\u00fcr Kinder und f\u00fcr Halles Kinderstadt"},"content":{"rendered":"<p class=\"fp-paragraph\"><strong>Halle (Saale)\/MZ<\/strong> &#8211; Halle an Salle \u2013 den Namen kennt in Halle und Umgebung fast jeder, vor allem jedes Kind. Denn die J\u00fcngsten sind es, die sich seit vielen Jahren  in der Kinderstadt austoben k\u00f6nnen \u2013 Erwachsene m\u00fcssen  dort drau\u00dfen bleiben.<\/p>\n<p class=\"fp-paragraph\">Doch ganz ohne die Gro\u00dfen geht es dann doch nicht: Engagierte Menschen wie Elke Arnold sorgen   daf\u00fcr, dass Kinder in \u201eHalle an Salle\u201c nicht nur Spa\u00df haben, sondern sich kreativ ausprobieren und viele Erfahrungen sammeln k\u00f6nnen.<\/p>\n<p>\nVideo: &#8222;Der Esel, der auf Rosen geht&#8220;: Elke Arnold von der Kinderstadt ausgezeichnet<\/p>\n<p>(Bericht: Christian Kadlubietz, Kamera: Kevin Mieske\/ Gary Gottschall)<br \/><b>Hinweis: <\/b> Sollte das Video nicht angezeigt werden, laden Sie bitte Ihren Browser neu.<\/p>\n<p class=\"fp-paragraph\">\u201eEs ist nicht die Spielwiese der Erwachsenen\u201c, stellt Elke Arnold klar. \u201eWir stehen den Kindern zwar beratend zur Seite, aber das meiste sollen die Kinder selbst herausfinden.\u201c<\/p>\n<p class=\"fp-paragraph\">Ja, wo gibt es denn sowas \u2013  dass  Kinder das Sagen haben? In \u201eHalle an Salle\u201c nat\u00fcrlich. Seit 2002 existiert in Halle alle zwei Jahre eine eigene Stadt f\u00fcr Kinder, einst von der damaligen Thalia-Intendantin Annegret Hahn und ihrem Team ins Leben gerufen.<\/p>\n<p class=\"fp-paragraph\">Die Idee, die damals wie heute dahinter steht: Theater sollte rein in die Stadt, raus ins Freie und, besonders  eben f\u00fcr Kinder, nicht nur auf der B\u00fchne stattfinden.<\/p>\n<p class=\"fp-paragraph\">Beratend zur Seite stehen \u2013 dieser Aufgabe widmet sich mit Elke Arnold quasi ein Urgestein der Kinderstadt  von Anfang an. \u201eIch durfte damals am Thalia Theater zur Gr\u00fcndung der Kinderstadt die Verantwortung f\u00fcr das Projekt \u00fcbernehmen\u201c, so die Hallenserin.<\/p>\n<p class=\"fp-paragraph\">Was zun\u00e4chst als hauptberufliche Arbeit begann, ist  l\u00e4ngst zu einer ehrenamtlichen Herzensangelegenheit f\u00fcr die 54-J\u00e4hrige geworden. Damals wie heute sei es ein ganzes Team, was sich f\u00fcr das Gelingen der Kinderstadt einsetze \u2013 neben den Mitarbeitern der B\u00fchnen Halle, in deren Regie die Kinderstadt erbaut wird, auch viele Freiwillige.<\/p>\n<p class=\"fp-paragraph\">\u201eSie alle brennen f\u00fcr das Projekt\u201c, sagt Elke Arnold, die heute Vorsitzende des eigens f\u00fcr die Kinderstadt gegr\u00fcndeten Vereins ist.<\/p>\n<p class=\"fp-paragraph\">Ohne die vielen  engagierten  Helfer, ob nun in der Vorbereitungsphase oder w\u00e4hrend der f\u00fcnf Wochen, in denen die Kinderstadt auf die Pei\u00dfnitz einl\u00e4dt, ohne die vielen Ehrenamtlichen also, sei  \u201eHalle an Salle\u201c nicht m\u00f6glich.<\/p>\n<p>B\u00fcrgerpreis: Riesenspa\u00df mit Ideen von Kindern aus Halle<\/p>\n<p class=\"fp-paragraph\">Auch wenn die Kinderstadt \u201enur\u201c alle zwei Jahre aufgebaut wird: \u201eEigentlich arbeitet man immer daran\u201c, so Elke Arnold, die beruflich im halleschen Stadtmuseum  f\u00fcr das Ressort Digitale Kommunikation verantwortlich ist.<\/p>\n<p class=\"fp-paragraph\">Der Job, der ein gro\u00dfes Netzwerk mit sich bringt,  ist f\u00fcr Elke Arnold das eine, das Ehrenamt das andere. Jedes Jahr sei es erneut eine gro\u00dfe Herausforderung, die Kinderstadt auf die Beine zu stellen.<\/p>\n<p class=\"fp-paragraph\">Und es mache jedes Jahr  wieder einen Riesenspa\u00df, zu sehen, wie aus den Ideen der Kinder eine ganze Stadt erwachse. \u201eDie Arbeit an und f\u00fcr die Kinderstadt beginnt ja viele Monate vor dem eigentlichen Ereignis im Sommer\u201c, wei\u00df Elke Arnold.<\/p>\n<p class=\"fp-paragraph\">Bereits im Januar treffen sich engagierte und interessierte Kinder, um den Kinderrat zu gr\u00fcnden und dort erste Ideen zu entwickeln und Vorschl\u00e4ge zu machen.<\/p>\n<p class=\"fp-paragraph\">Was soll alles zur Kinderstadt geh\u00f6ren? \u201eAlles, was es in einer \u2019richtigen\u2019 Stadt auch gibt\u201c, sagt Elke Arnold und schmunzelt: Rathaus und M\u00fcllabfuhr, Handwerk und  Werkst\u00e4tten, Gastronomie und erstmals in diesem Jahr sogar eine Haifisch-Bar mit kindgerechten Erfrischungen.<\/p>\n<p class=\"fp-paragraph\">Auch  Gef\u00e4ngnis und G\u00e4rtnerei, Theater, Kino und  vieles mehr kann \u201eHalle an Salle\u201c vorweisen. \u201eIn diesem Jahr wurde unter den Kindern l\u00e4nger diskutiert, ob man auch Geld brauche in der Kinderstadt\u201c, so Elke Arnold.<\/p>\n<p class=\"fp-paragraph\">Letztlich h\u00e4tten sich die Kinderstadtbewohner nach langem F\u00fcr und Wider doch daf\u00fcr entschieden \u2013 und wie in jedem Jahr gibt es nun auch 2025 wieder die begehrten \u201eHall\u00f6rchen\u201c, von den Kindern mit eigenem Motiv gestaltet.<\/p>\n<p>B\u00fcrgerpreis: Kreativer Ort Kinderstadt<\/p>\n<p class=\"fp-paragraph\">Geld indes ist auch ein wichtiges Thema f\u00fcr die Gro\u00dfen: \u201eEs ist jedes Mal ein Kraftakt, die Kinderstadt auf eine sichere finanzielle Basis zu stellen\u201c, so Elke Arnold, die bis 2018 die Projektkoordination der Kinderstadt innehatte.<\/p>\n<p class=\"fp-paragraph\">Inzwischen hat diese Aufgabe Christin Weniger inne. Gemeinsam ziehe man an einem Strang, um das Projekt nicht nur inhaltlich zu f\u00fcllen, sondern auch finanziell zu sichern.<\/p>\n<p class=\"fp-paragraph\">Es gebe \u00fcber die TOOH nat\u00fcrlich Gelder, aber ohne Eigen- und Drittmittel bliebe die Kinderstadt ein Traum. \u201eAkquise daf\u00fcr kostet Kraft\u201c, sagt Elke Arnold, die es wie alle Beteiligten nat\u00fcrlich viel sch\u00f6ner f\u00e4nde, \u201ewenn best\u00e4ndig Geld da w\u00e4re\u201c.<\/p>\n<p class=\"fp-paragraph\">Doch bisher ist die Kinderstadt  immer erbaut worden \u2013 aus den Ideen der Kinder entsteht immer wieder neu ein kreativer Ort, der Kindern einen gesch\u00fctzten Raum gibt zum Lernen, Ausprobieren und auch, um viele Abenteuer zu erleben.<\/p>\n<p class=\"fp-paragraph\">Engagierten wie Elke Arnold und vielen anderen ist es zu verdanken, dass es die Kinderstadt seit weit mehr als 20 Jahren gibt. \u201eWir wollen diesen spannenden Lernort und Abenteuerspielplatz f\u00fcr Kinder  auch weiterhin erhalten\u201c, sagt die Vorsitzende des Kinderstadt-Vereins stellvertretend f\u00fcr alle Mitstreiter.<\/p>\n<p class=\"fp-paragraph\">Was es daf\u00fcr brauche? \u201eDie Beteiligung der ganzen Stadtgesellschaft: Firmen, Netzwerke, Initiativen\u201c, so die Vereinschefin. Menschen also, die sich engagieren und mit Herzblut f\u00fcr die J\u00fcngsten im Einsatz sind \u2013 so wie Elke Arnold.<\/p>\n","protected":false},"excerpt":{"rendered":"Halle (Saale)\/MZ &#8211; Halle an Salle \u2013 den Namen kennt in Halle und Umgebung fast jeder, vor allem&hellip;\n","protected":false},"author":2,"featured_media":214174,"comment_status":"","ping_status":"","sticky":false,"template":"","format":"standard","meta":{"footnotes":""},"categories":[1860],"tags":[3364,29,548,663,3934,30,4062,17332,13,14,15,17331,860,12],"class_list":{"0":"post-214173","1":"post","2":"type-post","3":"status-publish","4":"format-standard","5":"has-post-thumbnail","7":"category-halle-saale","8":"tag-de","9":"tag-deutschland","10":"tag-eu","11":"tag-europa","12":"tag-europe","13":"tag-germany","14":"tag-halle","15":"tag-halle-saale","16":"tag-headlines","17":"tag-nachrichten","18":"tag-news","19":"tag-saale","20":"tag-sachsen-anhalt","21":"tag-schlagzeilen"},"share_on_mastodon":{"url":"https:\/\/pubeurope.com\/@de\/114735454947896557","error":""},"_links":{"self":[{"href":"https:\/\/www.europesays.com\/de\/wp-json\/wp\/v2\/posts\/214173","targetHints":{"allow":["GET"]}}],"collection":[{"href":"https:\/\/www.europesays.com\/de\/wp-json\/wp\/v2\/posts"}],"about":[{"href":"https:\/\/www.europesays.com\/de\/wp-json\/wp\/v2\/types\/post"}],"author":[{"embeddable":true,"href":"https:\/\/www.europesays.com\/de\/wp-json\/wp\/v2\/users\/2"}],"replies":[{"embeddable":true,"href":"https:\/\/www.europesays.com\/de\/wp-json\/wp\/v2\/comments?post=214173"}],"version-history":[{"count":0,"href":"https:\/\/www.europesays.com\/de\/wp-json\/wp\/v2\/posts\/214173\/revisions"}],"wp:featuredmedia":[{"embeddable":true,"href":"https:\/\/www.europesays.com\/de\/wp-json\/wp\/v2\/media\/214174"}],"wp:attachment":[{"href":"https:\/\/www.europesays.com\/de\/wp-json\/wp\/v2\/media?parent=214173"}],"wp:term":[{"taxonomy":"category","embeddable":true,"href":"https:\/\/www.europesays.com\/de\/wp-json\/wp\/v2\/categories?post=214173"},{"taxonomy":"post_tag","embeddable":true,"href":"https:\/\/www.europesays.com\/de\/wp-json\/wp\/v2\/tags?post=214173"}],"curies":[{"name":"wp","href":"https:\/\/api.w.org\/{rel}","templated":true}]}}