{"id":214257,"date":"2025-06-24T01:04:12","date_gmt":"2025-06-24T01:04:12","guid":{"rendered":"https:\/\/www.europesays.com\/de\/214257\/"},"modified":"2025-06-24T01:04:12","modified_gmt":"2025-06-24T01:04:12","slug":"fussball-in-stuttgart-kreisliga-a-staffel-2-die-grosse-saisonbilanz","status":"publish","type":"post","link":"https:\/\/www.europesays.com\/de\/214257\/","title":{"rendered":"Fu\u00dfball in Stuttgart: Kreisliga A, Staffel 2 \u2013 die gro\u00dfe Saisonbilanz"},"content":{"rendered":"<p>\t\t\t\t\t\t\t\t\t\t\t\t\t\t\t\t\t\t\t\t\t\t\t\t\t\t\t\t      \t\t            \t\t             \t\t\t\t   \t\t\t\t\t   <img decoding=\"async\" id=\"article-image\" fetchpriority=\"high\" alt=\"Fu\u00dfball in Stuttgart: Kreisliga A, Staffel 2 \u2013 die gro\u00dfe Saisonbilanz\" title=\"Fu\u00dfball in Stuttgart: Kreisliga A, Staffel 2 \u2013 die gro\u00dfe Saisonbilanz\" src=\"https:\/\/www.europesays.com\/de\/wp-content\/uploads\/2025\/06\/media.media.57583338-b70b-4bb4-87ff-2e1e7ec2aeef.16x9_700.jpg\" data-linkto=\"https:\/\/www.stuttgarter-nachrichten.de\/javascript:void(0);\"\/>\t\t\t\t\t\t\t\t\t\t\t\t\t\t\t\t\t\t\t\t\t\t\t\tDer SV Hoffeld mit Nadyl Ibrocy  (links)  \u00fcberraschte in dieser Saison nicht nur im direkten Aufeinandertreffen Kevin Omoregie vom  sp\u00e4teren Meisters TSV Jahn B\u00fcsnau, sondern mit der Vizemeisterschaft auch die ganze Liga.\u00a0Foto: Archiv G\u00fcnter Bergmann\t\t\t<\/p>\n<p>Ein Todesfall entscheidet die Meisterschaft, die Top-Torj\u00e4ger wechseln in die Landesliga und ein Haufen Trainer sagen auf Wiedersehen. Der R\u00fcckblick auf die Gespr\u00e4chsthemen der Saison.<\/p>\n<p>Die Saison in der Staffel 2 der Fu\u00dfball-Kreisliga A Stuttgart\/B\u00f6blingen ist beendet. Alle Teams haben sich in die verdiente Sommerpause verabschiedet. Ein Blick auf die gro\u00dfen und kleinen Geschichten der zur\u00fcckliegenden Runde.<\/p>\n","protected":false},"excerpt":{"rendered":"Der SV Hoffeld mit Nadyl Ibrocy (links) \u00fcberraschte in dieser Saison nicht nur im direkten Aufeinandertreffen Kevin Omoregie&hellip;\n","protected":false},"author":2,"featured_media":214258,"comment_status":"","ping_status":"","sticky":false,"template":"","format":"standard","meta":{"footnotes":""},"categories":[1830],"tags":[1634,3364,29,17377,30,24061,17766,17380,17375,22577,17373,1441,17378,17376,14928],"class_list":{"0":"post-214257","1":"post","2":"type-post","3":"status-publish","4":"format-standard","5":"has-post-thumbnail","7":"category-stuttgart","8":"tag-baden-wuerttemberg","9":"tag-de","10":"tag-deutschland","11":"tag-fsv-waldebene-stuttgart-ost","12":"tag-germany","13":"tag-gfv-ermis-metanastis-stuttgart","14":"tag-kreisliga-a","15":"tag-kv-plieningen","16":"tag-mk-makedonija-stuttgart","17":"tag-spvgg-stetten","18":"tag-staffel-2","19":"tag-stuttgart","20":"tag-sv-hoffeld","21":"tag-sv-sillenbuch","22":"tag-tsv-jahn-buesnau"},"share_on_mastodon":{"url":"https:\/\/pubeurope.com\/@de\/114735655843345872","error":""},"_links":{"self":[{"href":"https:\/\/www.europesays.com\/de\/wp-json\/wp\/v2\/posts\/214257","targetHints":{"allow":["GET"]}}],"collection":[{"href":"https:\/\/www.europesays.com\/de\/wp-json\/wp\/v2\/posts"}],"about":[{"href":"https:\/\/www.europesays.com\/de\/wp-json\/wp\/v2\/types\/post"}],"author":[{"embeddable":true,"href":"https:\/\/www.europesays.com\/de\/wp-json\/wp\/v2\/users\/2"}],"replies":[{"embeddable":true,"href":"https:\/\/www.europesays.com\/de\/wp-json\/wp\/v2\/comments?post=214257"}],"version-history":[{"count":0,"href":"https:\/\/www.europesays.com\/de\/wp-json\/wp\/v2\/posts\/214257\/revisions"}],"wp:featuredmedia":[{"embeddable":true,"href":"https:\/\/www.europesays.com\/de\/wp-json\/wp\/v2\/media\/214258"}],"wp:attachment":[{"href":"https:\/\/www.europesays.com\/de\/wp-json\/wp\/v2\/media?parent=214257"}],"wp:term":[{"taxonomy":"category","embeddable":true,"href":"https:\/\/www.europesays.com\/de\/wp-json\/wp\/v2\/categories?post=214257"},{"taxonomy":"post_tag","embeddable":true,"href":"https:\/\/www.europesays.com\/de\/wp-json\/wp\/v2\/tags?post=214257"}],"curies":[{"name":"wp","href":"https:\/\/api.w.org\/{rel}","templated":true}]}}