{"id":214292,"date":"2025-06-24T01:22:13","date_gmt":"2025-06-24T01:22:13","guid":{"rendered":"https:\/\/www.europesays.com\/de\/214292\/"},"modified":"2025-06-24T01:22:13","modified_gmt":"2025-06-24T01:22:13","slug":"staffelfinale-bei-die-hoehle-der-loewen-zwei-loewen-sind-nicht-immer-besser","status":"publish","type":"post","link":"https:\/\/www.europesays.com\/de\/214292\/","title":{"rendered":"Staffelfinale bei &#8222;Die H\u00f6hle der L\u00f6wen&#8220;: &#8222;Zwei L\u00f6wen sind nicht immer besser!&#8220;"},"content":{"rendered":"<p>                    &#8222;Die H\u00f6hle der L\u00f6wen&#8220;<br \/>\n                &#8222;Zwei L\u00f6wen sind nicht immer besser!&#8220;<\/p>\n<p>\t\t\t\t\t              \tVon Kai Butterweck<br \/>\n\t\t\t\t              23.06.2025, 23:06 Uhr<\/p>\n<p>\t\t\t\t\t       Artikel anh\u00f6ren<\/p>\n<p>\t\t\t\t\t\t\tDiese Audioversion wurde k\u00fcnstlich generiert. <a href=\"https:\/\/www.n-tv.de\/23249898\" target=\"_blank\" rel=\"noopener\">Mehr Infos<\/a><\/p>\n<p><strong>Zwischen Jubel und Frust liegt manchmal nur ein Werbeblock. Wer holt sich die letzten Deals? Zum gro\u00dfen Staffelfinale von &#8222;Die H\u00f6hle der L\u00f6wen&#8220; geben Gr\u00fcnder und Investoren noch einmal alles. <\/strong><\/p>\n<p>Nach unz\u00e4hligen neuen Ideen, spannenden Erfindungen und faszinierenden Probleml\u00f6sern biegt die 17. &#8222;Die H\u00f6hle der L\u00f6wen&#8220;-Staffel in die Zielgerade ein. Ein letztes Mal d\u00fcrfen sich f\u00fcnf Gr\u00fcnder und Gr\u00fcnderteams der gro\u00dfen Herausforderung stellen, die im Idealfall mit einem Deal-Handschlag endet. Neben Innovation und Kompetenz geht es den L\u00f6wen auch um Leidenschaft und Feuer &#8211; genau in diesem Bereich hakt es bei den beiden &#8222;my STOPY&#8220;-Gr\u00fcndern Julius M\u00fcller und Sebastian Lyschick aus Unsleben. Das Duo hat einen durchaus vorzeigbaren ferngesteuerten Bremsassistenten f\u00fcr Kinderr\u00e4der mit im Gep\u00e4ck. Nur leider k\u00f6nnen die Gr\u00fcnder keine Begeisterung entfachen. Hinzu kommt ein Darlehenspaket in H\u00f6he von 400.000 Euro, das verdammt schwer wiegt. So platzt der Traum vom gro\u00dfen Deal und die beiden Gr\u00fcnder treten entt\u00e4uscht die Heimreise an. <\/p>\n<p>   <a href=\"https:\/\/www.europesays.com\/de\/wp-content\/uploads\/2025\/06\/Die-beiden-Grunder-Teo-Ortega-und-Simon-Hafner-stellen-Eintrittskarten-in-die-digitale-Welt-fur-Seni.jpeg\">     <img decoding=\"async\" alt=\"Die beiden Gr\u00fcnder Teo Ortega und Simon Hafner stellen Eintrittskarten in die digitale Welt f\u00fcr Senioren vor.\" src=\"https:\/\/www.europesays.com\/de\/wp-content\/uploads\/2025\/06\/Die-beiden-Grunder-Teo-Ortega-und-Simon-Hafner-stellen-Eintrittskarten-in-die-digitale-Welt-fur-Seni.jpeg\" class=\"lazyload\"\/>  <\/a>  <\/p>\n<p class=\"article__aside__caption\">Die beiden Gr\u00fcnder Teo Ortega und Simon Hafner stellen Eintrittskarten in die digitale Welt f\u00fcr Senioren vor.<\/p>\n<p class=\"article__aside__copy\">(Foto: RTL\/ Stefan Gregorowius)<\/p>\n<p>Die beiden &#8222;family.cards&#8220;-Verantwortlichen Teo Ortega und Simon Hafner aus Berlin haben ihre Hausaufgaben gemacht. Produkt, Gr\u00fcnder, Innovation, Leidenschaft: Hier passt alles zusammen. Nur haben die Gr\u00fcnder, die ein smartes, alltagstaugliches Karten-Kommunikationssystem f\u00fcr \u00e4ltere Menschen am Start haben, bereits mehrere externe -Geldgeber an der Hand. Gro\u00dfunternehmer Carsten Maschmeyer hakt das aber ab. Der L\u00f6we hat gro\u00dfe Lust auf &#8222;family.cards&#8220; und unterbreitet den Gr\u00fcndern ein Angebot. &#8222;Ich m\u00f6chte aber 10 Prozent der Firmenanteile&#8220;, sagt Carsten Maschmeyer. Die Gr\u00fcnder wollten eigentlich nur 5 Prozent abgeben. Es beginnt ein kurzes Prozente-Rangeln, ehe man sich in der Mitte trifft (7,5 Prozent) und auf beiden Seiten zufrieden und vorfreudig in die H\u00e4nde klatscht. <\/p>\n<p>Kein Deal trotz Angebot<\/p>\n<p>Gerne w\u00fcrde man den Schwung mitnehmen und weitere Deals besiegeln. Aber nach dem kurzen Hoch folgt erst einmal ein Tief &#8211; und das gleich in doppelter Ausf\u00fchrung. Zun\u00e4chst scheitern die &#8222;The Poutine Kitchen&#8220;-Gr\u00fcnder Holger B\u00f6ckner und Genevi\u00e8ve Pilon an der Geschmacks- und Tiefk\u00fchl-Doppelh\u00fcrde. Im Anschluss haben die beiden Nachhaltigkeits- und Naturschutz-Profis Felix Schulze-Varnholt und Lara Boye (&#8222;Artengl\u00fcck&#8220;) zwar ein Kombi-Angebot von Carsten Maschmeyer und Nils Glagau auf dem Tisch. Aber die Hauptst\u00e4dter wollen nicht mehr als 15 Prozent ihrer Firmenanteile abgeben (Maschmeyer und Glagau h\u00e4tten gerne 20 Prozent). So tritt der \u00e4u\u00dferst seltene Fall ein, dass ein Gr\u00fcnderteam trotz Deal-Offerte mit leeren H\u00e4nden nach Hause f\u00e4hrt. <\/p>\n<p>Bleibt noch das multifunktionale und zum Patent angemeldete Mundgel aus dem Hause &#8222;Blissand&#8220;. Hier beeindrucken die Gr\u00fcnder Dr. Dana Adyani-Fard und Dr. Thomas Greussing Meerbusch nicht nur mit einem vielversprechenden Produkt, sondern auch mit ganz viel Kompetenz. Drei L\u00f6wen sind ganz schnell hin und weg. Ralf D\u00fcmmel und Nils Glagau schlie\u00dfen sich zusammen, w\u00e4hrend Judith Williams den Alleingang wagt. &#8222;Ich sitze seit der ersten Staffel hier, aber ich war noch nie so aufgeregt&#8220;, gesteht die Beauty-Queen. <\/p>\n<p>Judith Williams k\u00e4mpft wie eine L\u00f6win <\/p>\n<p>Die Argumente beider Angebotsparteien stecken erwartungsgem\u00e4\u00df voller Superlative. Jeder meint, er k\u00f6nnen es besser als der andere. Judith k\u00e4mpft wie eine L\u00f6win, wohlwissend, dass sie es mit zwei starken Konkurrenten zu tun hat, die zudem noch gemeinsame Sache machen. Am Ende entscheiden sich die Gr\u00fcnder f\u00fcr doppelte L\u00f6wen-Power. Nils und Ralf springen aus ihren Sesseln und feiern den letzten Deal der Staffel lautstark und \u00fcberschw\u00e4nglich. Judith gratuliert den beiden L\u00f6wen, sie hat aber auch noch eine Botschaft an zuk\u00fcnftige Gr\u00fcnder parat: &#8222;Ich wei\u00df nicht, warum die Leute immer denken, dass zwei L\u00f6wen automatisch besser sind. Das ist nicht so!&#8220;, faucht die Investorin noch kurz, bevor in der L\u00f6wenh\u00f6he die Lichter ausgehen. <\/p>\n<p>Folge verpasst? Die 17. Staffel von &#8222;Die H\u00f6hle der L\u00f6wen&#8220; steht <a href=\"https:\/\/plus.rtl.de\/video-tv\/shows\/die-hoehle-der-loewen-409242?utm_campaign=textlink&amp;utm_source=ntv&amp;utm_medium=owned&amp;utm_term=hoehle-der-loewen&amp;utm_content=25853310\" rel=\"Follow noopener\" target=\"_blank\">auf RTL+ <\/a>zum Streamen bereit.<\/p>\n","protected":false},"excerpt":{"rendered":"&#8222;Die H\u00f6hle der L\u00f6wen&#8220; &#8222;Zwei L\u00f6wen sind nicht immer besser!&#8220; Von Kai Butterweck 23.06.2025, 23:06 Uhr Artikel anh\u00f6ren&hellip;\n","protected":false},"author":2,"featured_media":214293,"comment_status":"","ping_status":"","sticky":false,"template":"","format":"standard","meta":{"footnotes":""},"categories":[1773],"tags":[30721,29,23366,214,30,1376,68941,765,471,1780,684,215],"class_list":{"0":"post-214292","1":"post","2":"type-post","3":"status-publish","4":"format-standard","5":"has-post-thumbnail","7":"category-serien","8":"tag-carsten-maschmeyer","9":"tag-deutschland","10":"tag-die-hoehle-der-loewen","11":"tag-entertainment","12":"tag-germany","13":"tag-investoren","14":"tag-investorenstreit","15":"tag-rtlplus","16":"tag-serien","17":"tag-series","18":"tag-tv","19":"tag-unterhaltung"},"share_on_mastodon":{"url":"https:\/\/pubeurope.com\/@de\/114735726216308951","error":""},"_links":{"self":[{"href":"https:\/\/www.europesays.com\/de\/wp-json\/wp\/v2\/posts\/214292","targetHints":{"allow":["GET"]}}],"collection":[{"href":"https:\/\/www.europesays.com\/de\/wp-json\/wp\/v2\/posts"}],"about":[{"href":"https:\/\/www.europesays.com\/de\/wp-json\/wp\/v2\/types\/post"}],"author":[{"embeddable":true,"href":"https:\/\/www.europesays.com\/de\/wp-json\/wp\/v2\/users\/2"}],"replies":[{"embeddable":true,"href":"https:\/\/www.europesays.com\/de\/wp-json\/wp\/v2\/comments?post=214292"}],"version-history":[{"count":0,"href":"https:\/\/www.europesays.com\/de\/wp-json\/wp\/v2\/posts\/214292\/revisions"}],"wp:featuredmedia":[{"embeddable":true,"href":"https:\/\/www.europesays.com\/de\/wp-json\/wp\/v2\/media\/214293"}],"wp:attachment":[{"href":"https:\/\/www.europesays.com\/de\/wp-json\/wp\/v2\/media?parent=214292"}],"wp:term":[{"taxonomy":"category","embeddable":true,"href":"https:\/\/www.europesays.com\/de\/wp-json\/wp\/v2\/categories?post=214292"},{"taxonomy":"post_tag","embeddable":true,"href":"https:\/\/www.europesays.com\/de\/wp-json\/wp\/v2\/tags?post=214292"}],"curies":[{"name":"wp","href":"https:\/\/api.w.org\/{rel}","templated":true}]}}