{"id":214303,"date":"2025-06-24T01:28:09","date_gmt":"2025-06-24T01:28:09","guid":{"rendered":"https:\/\/www.europesays.com\/de\/214303\/"},"modified":"2025-06-24T01:28:09","modified_gmt":"2025-06-24T01:28:09","slug":"apple-veroeffentlicht-neue-betaversion-von-macos-tahoe-26","status":"publish","type":"post","link":"https:\/\/www.europesays.com\/de\/214303\/","title":{"rendered":"Apple ver\u00f6ffentlicht neue Betaversion von macOS Tahoe 26"},"content":{"rendered":"<p>Apple hat heute eine zweite Betaversion von <a href=\"https:\/\/www.macgadget.de\/News\/2025\/06\/09\/Apple-kuendigt-macOS-Tahoe-26-mit-neuem-Oberflaechendesign-an\" target=\"_blank\" rel=\"noopener\">macOS Tahoe 26<\/a> f\u00fcr Entwickler zum Download bereitgestellt. Es handelt sich dabei um Build 25A5295e (zuvor war Build 25A5279m aktuell). macOS Tahoe 26 wurde zu Monatsbeginn auf der Entwicklerkonferenz WWDC25 angek\u00fcndigt. Teilnehmer am Apple-Betatestprogramm werden die neue Hauptversion des Mac-Betriebssystems nach Herstellerangaben ab Juli ausprobieren k\u00f6nnen. Mit der Fertigstellung der Version 26.0 mitsamt der Freigabe f\u00fcr alle Anwender wird f\u00fcr September gerechnet.<\/p>\n<p>macOS Tahoe 26 ist die letzte Versionsreihe des Betriebssystems mit Unterst\u00fctzung f\u00fcr (einige wenige) Intel-Macs und die vorletzte mit voller Rosetta-2-Unterst\u00fctzung. Zu den wichtigsten Neuerungen geh\u00f6ren ein \u00fcberarbeitetes Oberfl\u00e4chendesign, die Version 4 der Grafik-Engine Metal, eine Runderneuerung der Spotlight-Suche mit neuen Filtern und Aktionen sowie Zwischenablage-Historie, die Apps Telefon (ben\u00f6tigt iPhone) und Journal, Markdown-Import\/Export in der Notizen-App, die automatische Ausf\u00fchrung von Kurzbefehlen, das schnelle Disk-Image-Format ASIF sowie Im- und Export von Passkeys.<\/p>\n<p>\u00a0<\/p>\n<p><img decoding=\"async\" alt=\"macOS 26\" height=\"256\" src=\"https:\/\/www.europesays.com\/de\/wp-content\/uploads\/2025\/06\/macos_26_logo.jpg\" width=\"256\" loading=\"lazy\"\/><br \/>\n\u00a0<\/p>\n<p><b>macOS Tahoe 26: Zweite Betaversion f\u00fcr Entwickler erschienen.<\/b><br \/>Bild: Apple.<\/p>\n<p>\u00a0<\/p>\n<p>Apple verwendet ab sofort Jahreszahlen f\u00fcr die Versionierung seiner Betriebssysteme. Die Zahl 26 bezieht sich auf das Jahr 2026 und darauf, dass die neue Hauptversion f\u00fcr den Gro\u00dfteil des Jahres 2026 aktuell sein wird. Beginnend mit der f\u00fcr das Jahr 2026 geplanten Version 27 wird macOS einen Apple-Prozessor voraussetzen, au\u00dferdem wird die Time-Capsule-Unterst\u00fctzung entfernt. macOS 27 wird laut Apple die letzte Systemversion mit voller Rosetta-2-Unterst\u00fctzung sein.<\/p>\n<p>Zwar k\u00f6nnen sich auch Anwender kostenfrei im Apple-Entwicklerprogramm anmelden und bereits jetzt macOS Tahoe 26 testen, die Betaversionen richten sich derzeit aber ganz klar an die Hersteller von Hard- und Software zu Tests und Entwicklungszwecken. Von der Nutzung von Betriebssystem-Betaversionen auf produktiv genutzten Rechnern ist abzuraten, da es zu schweren Problemen sowohl im System selbst als auch im Zusammenspiel mit genutzten Programmen kommen kann. Zu Testzwecken empfehlen sich Virtualisierungsl\u00f6sungen, mit denen macOS 26 als Gastsystem eingerichtet werden kann.<\/p>\n","protected":false},"excerpt":{"rendered":"Apple hat heute eine zweite Betaversion von macOS Tahoe 26 f\u00fcr Entwickler zum Download bereitgestellt. Es handelt sich&hellip;\n","protected":false},"author":2,"featured_media":214304,"comment_status":"","ping_status":"","sticky":false,"template":"","format":"standard","meta":{"footnotes":""},"categories":[135],"tags":[5288,29,30,241,68523,68522,5289,5287,68521,68524,60429,190,189,194,191,193,192],"class_list":{"0":"post-214303","1":"post","2":"type-post","3":"status-publish","4":"format-standard","5":"has-post-thumbnail","7":"category-wissenschaft-technik","8":"tag-apple-news","9":"tag-deutschland","10":"tag-germany","11":"tag-ios-19","12":"tag-ipad-air-m3","13":"tag-iphone-16e","14":"tag-iphone-news","15":"tag-mac-news","16":"tag-macbook-air-m4","17":"tag-macbook-pro-m4-max","18":"tag-macos-16","19":"tag-science","20":"tag-science-technology","21":"tag-technik","22":"tag-technology","23":"tag-wissenschaft","24":"tag-wissenschaft-technik"},"share_on_mastodon":{"url":"https:\/\/pubeurope.com\/@de\/114735749789942784","error":""},"_links":{"self":[{"href":"https:\/\/www.europesays.com\/de\/wp-json\/wp\/v2\/posts\/214303","targetHints":{"allow":["GET"]}}],"collection":[{"href":"https:\/\/www.europesays.com\/de\/wp-json\/wp\/v2\/posts"}],"about":[{"href":"https:\/\/www.europesays.com\/de\/wp-json\/wp\/v2\/types\/post"}],"author":[{"embeddable":true,"href":"https:\/\/www.europesays.com\/de\/wp-json\/wp\/v2\/users\/2"}],"replies":[{"embeddable":true,"href":"https:\/\/www.europesays.com\/de\/wp-json\/wp\/v2\/comments?post=214303"}],"version-history":[{"count":0,"href":"https:\/\/www.europesays.com\/de\/wp-json\/wp\/v2\/posts\/214303\/revisions"}],"wp:featuredmedia":[{"embeddable":true,"href":"https:\/\/www.europesays.com\/de\/wp-json\/wp\/v2\/media\/214304"}],"wp:attachment":[{"href":"https:\/\/www.europesays.com\/de\/wp-json\/wp\/v2\/media?parent=214303"}],"wp:term":[{"taxonomy":"category","embeddable":true,"href":"https:\/\/www.europesays.com\/de\/wp-json\/wp\/v2\/categories?post=214303"},{"taxonomy":"post_tag","embeddable":true,"href":"https:\/\/www.europesays.com\/de\/wp-json\/wp\/v2\/tags?post=214303"}],"curies":[{"name":"wp","href":"https:\/\/api.w.org\/{rel}","templated":true}]}}