{"id":214379,"date":"2025-06-24T02:09:38","date_gmt":"2025-06-24T02:09:38","guid":{"rendered":"https:\/\/www.europesays.com\/de\/214379\/"},"modified":"2025-06-24T02:09:38","modified_gmt":"2025-06-24T02:09:38","slug":"2-bundesliga-1-fc-nuernberg-legt-los-trainer-klose-laeutet-neue-saison-ein","status":"publish","type":"post","link":"https:\/\/www.europesays.com\/de\/214379\/","title":{"rendered":"2. Bundesliga: 1. FC N\u00fcrnberg legt los: Trainer Klose l\u00e4utet neue Saison ein"},"content":{"rendered":"<p class=\"metatextline\">Stand: 23.06.2025 12:47 Uhr<\/p>\n<p class=\"textabsatz columns twelve  m-ten  m-offset-one l-eight l-offset-two\">\n        <strong>Die Sommerpause ist vorbei: Miroslav Klose startet das Training des 1. FC N\u00fcrnberg f\u00fcr die Saison 2025\/26. Mit neuen Talenten und einer jungen Mannschaft soll die Grundlage f\u00fcr eine erfolgreiche Spielzeit gelegt werden. Die Ziele sind ambitioniert.<\/strong>\n    <\/p>\n<p>Von BR24Sport    , Victor List\n                        <\/p>\n<p class=\"textabsatz m-ten m-offset-one l-eight l-offset-two columns twelve\">\nDie fu\u00dfballfreie Zeit ist f\u00fcr die Spieler des 1. FC N\u00fcrnberg um Kapit\u00e4n Robin Knoche vorbei. Nach den Leistungstests startet am Dienstag die Sommervorbereitung. Dort soll &#8222;die Grundlage f\u00fcr eine erfolgreiche Saison&#8220; gelegt werden, sagt Miroslav Klose.<\/p>\n<p>    Neuzug\u00e4nge sollen f\u00fcr frischen Wind in N\u00fcrnberg sorgen<\/p>\n<p class=\"textabsatz m-ten m-offset-one l-eight l-offset-two columns twelve\">\nDer Club-Coach hat mit seinem Trainerteam den Start in die zweite Saison unter seiner Regie schon kr\u00e4ftig vorgeplant und freut sich darauf, seine &#8222;Jungs sowie die neuen Gesichter im Team zu begr\u00fc\u00dfen.&#8220; Mit Neuzug\u00e4ngen wie Torj\u00e4ger Semir Telalovic, der f\u00fcr Absteiger SSV Ulm in der abgelaufenen Saison immerhin zw\u00f6lf Tore erzielte, und einer weiter jungen Mannschaft soll es in der Saison 2025\/26 m\u00f6glichst nach oben gehen.<\/p>\n<p>    Resilienz: Der Schl\u00fcssel zum Erfolg f\u00fcr den 1. FC N\u00fcrnberg<\/p>\n<p class=\"textabsatz m-ten m-offset-one l-eight l-offset-two columns twelve\">\nIn der vergangenen Saison wollte man einen einstelligen Tabellenplatz erreichen. Dieses Ziel wurde mit Platz zehn knapp verfehlt. Dabei w\u00e4re mehr drin gewesen. 28 Punkte haben die N\u00fcrnberger nach einer F\u00fchrung verspielt. Das ist ligaweiter Negativwert und kostete am Ende den Aufstieg.<\/p>\n<p class=\"textabsatz m-ten m-offset-one l-eight l-offset-two columns twelve\">\nDoch der Aufstieg war ja auch nicht eingeplant. Trotzdem d\u00fcrften den Verantwortlichen um Sportvorstand Joti Chatzialexiou klar geworden sein, was dieser jungen Mannschaft in der abgelaufenen Saison fehlte: die Widerstandsf\u00e4higkeit. Als im Saisonfinale Kapit\u00e4n und Routinier Robin Knoche verletzt war, fehlte sofort die Ordnung.<\/p>\n<p>    Chatzialexiou hebt die Ziele an und h\u00e4lt am Kurs fest<\/p>\n<p class=\"textabsatz m-ten m-offset-one l-eight l-offset-two columns twelve\">\nDie Ziele bleiben nichtsdestotrotz ambitioniert. &#8222;Ich will unter die Top sieben der 2. Liga kommen!&#8220;, so die Kampfansage von Chatzialexiou j\u00fcngst in einer Medienrunde. &#8222;Ob man dann einen Aufstieg schafft oder nicht, kann niemand garantieren. Aber es w\u00e4re gelogen, wenn ich nicht die Zielsetzung h\u00e4tte, irgendwann mit dem FCN aufzusteigen&#8220;, stellt der Sportvorstand klar.<\/p>\n<p class=\"textabsatz m-ten m-offset-one l-eight l-offset-two columns twelve\">\nDen eingeschlagenen Weg, auf junge Spieler zu setzen, will er beibehalten. Das zeigen auch die j\u00fcngsten Transfers. Mit Ayoub Chaikhoun (19 Jahre, Eintracht Frankfurt), Justin von der Hitz (18, 1. FC K\u00f6ln) und Artem Stepanov (17, Bayer Leverkusen) holte der FCN drei Talente, die kaum Profierfahrung aufweisen. Von der Hitz hatte aber gro\u00dfen Anteil am Juniorenmeistertitel der K\u00f6lner U19. Er gilt als m\u00f6glicher Nachfolger f\u00fcr den nach M\u00f6nchengladbach abgewanderten Jens Castrop. Stepanov k\u00f6nnte der neue Tzimas werden, auch wenn sich die Franken bei der Leihe diesmal keine Kaufoption sichern konnten.<\/p>\n<p>    Tzimas, Emreli und Antiste weg: Was bringt der neue Sturm?<\/p>\n<p class=\"textabsatz m-ten m-offset-one l-eight l-offset-two columns twelve\">\nFast schon ein Oldie ist da Semir Telalovic. F\u00fcr den 25-j\u00e4hrigen St\u00fcrmer \u00fcberweist der neunfache Deutsche Meister eine Abl\u00f6se im niedrigen bis mittleren sechsstelligen Bereich an den SSV Ulm. Der Deutsch-Bosnier kommt mit der Empfehlung von zw\u00f6lf Treffern von den &#8222;Spatzen&#8220;. Ulm war aber auch Telalovics erste erfolgreiche Station. Zuvor war dem St\u00fcrmer, der in der Jugend von Borussia M\u00f6nchengladbach ausgebildet wurde, bei den Blackburn Rovers kein Tor gelungen.<\/p>\n<p class=\"textabsatz m-ten m-offset-one l-eight l-offset-two columns twelve\">\nDass er und der junge Stepanov den Weggang von Stefanos Tzimas (12 Tore), Mahir Emreli (11) und Janis Antiste (5) auffangen k\u00f6nnen, ist unwahrscheinlich. Viel eher wird der Club auf der St\u00fcrmerposition nachlegen. Immerhin stellte die Klose-Elf mit 60 Treffern den viertbesten Angriff der Liga \u2013 eine Qualit\u00e4t, die man gerne beibehalten w\u00fcrde.<\/p>\n<p>    Bundesliga buhlt um Jander<\/p>\n<p class=\"textabsatz m-ten m-offset-one l-eight l-offset-two columns twelve\">\nGer\u00fcchteweise soll sich Chatzialexiou mit Spielmacher Berkan Taz vom Drittligisten SC Verl besch\u00e4ftigen. Mit 13 Toren und 15 Assists geh\u00f6rte er in der abgelaufenen Saison zu den besten Spielern der Liga.<\/p>\n<p class=\"textabsatz m-ten m-offset-one l-eight l-offset-two columns twelve\">\nDie Transferbem\u00fchungen in N\u00fcrnberg k\u00f6nnten zudem noch Fahrt aufnehmen, sollte der Club Caspar Jander doch verlieren. F\u00fcr Cheftrainer Klose ist der defensive Mittelfeldspieler &#8222;nicht zu ersetzen&#8220;, auch Weltmeister Christoph Kramer schw\u00e4rmte zuletzt: &#8222;Lecko mio, das ist mal ein Spieler&#8220;. Aktuell pr\u00e4sentiert sich das Mittelfeldtalent bei der U-21-EM von seiner besten Seite und weckt Begehrlichkeiten. Interesse an N\u00fcrnbergs Sechser soll u.a. der DFB-Pokalsieger VfB Stuttgart haben. Eine Abl\u00f6se im zweistelligen Millionen-Bereich scheint mittlerweile m\u00f6glich und b\u00f6te dem Club neue Spielr\u00e4ume.<\/p>\n<p class=\"textabsatz m-ten m-offset-one l-eight l-offset-two columns twelve\">\nKlose hat in seiner zweiten Saison in N\u00fcrnberg erneut die Aufgabe, aus einer jungen Truppe das Maximum herauszuholen &#8211; und ganz nebenbei soll er die gestiegenen Erwartungen erf\u00fcllen.<\/p>\n<p class=\"textabsatz m-ten m-offset-one l-eight l-offset-two columns twelve\">Tabellenf\u00fchrung und Abstiegskampf, aktuelle Spielpaarungen, Ergebnisse und Liveticker, Torj\u00e4gerlisten, Laufleistung- sowie Zweikampfstatistiken und noch viel mehr: Fu\u00dfball im Ergebniscenter von BR24Sport.<\/p>\n<p class=\"textabsatz m-ten m-offset-one l-eight l-offset-two columns twelve\">\nQuelle: BR24Sport 24.06.2025 &#8211; 18:30 Uhr<\/p>\n<p>                                        <a class=\"backlink__link\" href=\"https:\/\/www.br.de\/nachrichten\/sport\/1-fc-nuernberg-legt-los-trainer-klose-laeutet-start-in-erfolgreiche-zweitliga-saison-ein,UovqDda\" target=\"_blank\" rel=\"noopener\"><\/p>\n<p>                                                <img decoding=\"async\" src=\"https:\/\/images.sportschau.de\/image\/05fe9eb0-903d-4c3a-83ba-894c6893cc80\/AAABlap_YQI\/AAABkZLrr6A\/original\/lra-br-logo-100.svg\" alt=\"Bayerischer Rundfunk\"\/><\/p>\n<p>                                        <\/a><\/p>\n","protected":false},"excerpt":{"rendered":"Stand: 23.06.2025 12:47 Uhr Die Sommerpause ist vorbei: Miroslav Klose startet das Training des 1. FC N\u00fcrnberg f\u00fcr&hellip;\n","protected":false},"author":2,"featured_media":214380,"comment_status":"","ping_status":"","sticky":false,"template":"","format":"standard","meta":{"footnotes":""},"categories":[1837],"tags":[783,621,772,3204,3364,29,347,30,8900,4156,3783,265],"class_list":{"0":"post-214379","1":"post","2":"type-post","3":"status-publish","4":"format-standard","5":"has-post-thumbnail","7":"category-nuernberg","8":"tag-1-fc-nuernberg","9":"tag-2-bundesliga","10":"tag-bayern","11":"tag-br","12":"tag-de","13":"tag-deutschland","14":"tag-fussball","15":"tag-germany","16":"tag-miroslav-klose","17":"tag-mittelfranken","18":"tag-nuernberg","19":"tag-sport"},"share_on_mastodon":{"url":"https:\/\/pubeurope.com\/@de\/114735911073694140","error":""},"_links":{"self":[{"href":"https:\/\/www.europesays.com\/de\/wp-json\/wp\/v2\/posts\/214379","targetHints":{"allow":["GET"]}}],"collection":[{"href":"https:\/\/www.europesays.com\/de\/wp-json\/wp\/v2\/posts"}],"about":[{"href":"https:\/\/www.europesays.com\/de\/wp-json\/wp\/v2\/types\/post"}],"author":[{"embeddable":true,"href":"https:\/\/www.europesays.com\/de\/wp-json\/wp\/v2\/users\/2"}],"replies":[{"embeddable":true,"href":"https:\/\/www.europesays.com\/de\/wp-json\/wp\/v2\/comments?post=214379"}],"version-history":[{"count":0,"href":"https:\/\/www.europesays.com\/de\/wp-json\/wp\/v2\/posts\/214379\/revisions"}],"wp:featuredmedia":[{"embeddable":true,"href":"https:\/\/www.europesays.com\/de\/wp-json\/wp\/v2\/media\/214380"}],"wp:attachment":[{"href":"https:\/\/www.europesays.com\/de\/wp-json\/wp\/v2\/media?parent=214379"}],"wp:term":[{"taxonomy":"category","embeddable":true,"href":"https:\/\/www.europesays.com\/de\/wp-json\/wp\/v2\/categories?post=214379"},{"taxonomy":"post_tag","embeddable":true,"href":"https:\/\/www.europesays.com\/de\/wp-json\/wp\/v2\/tags?post=214379"}],"curies":[{"name":"wp","href":"https:\/\/api.w.org\/{rel}","templated":true}]}}