{"id":214389,"date":"2025-06-24T02:15:10","date_gmt":"2025-06-24T02:15:10","guid":{"rendered":"https:\/\/www.europesays.com\/de\/214389\/"},"modified":"2025-06-24T02:15:10","modified_gmt":"2025-06-24T02:15:10","slug":"niedersachsen-bremen-landtag-diskutiert-ueber-handyverbote-an-schulen","status":"publish","type":"post","link":"https:\/\/www.europesays.com\/de\/214389\/","title":{"rendered":"Niedersachsen &#038; Bremen: Landtag diskutiert \u00fcber Handyverbote an Schulen"},"content":{"rendered":"<p>                    Niedersachsen &amp; Bremen<br \/>\n                Landtag diskutiert \u00fcber Handyverbote an Schulen<\/p>\n<p>\t\t\t\t              24.06.2025, 03:33 Uhr<\/p>\n<p><strong>Die CDU will Handys und Smartwatches weitgehend aus dem Schulalltag verbannen. Damit erh\u00f6ht sie den Druck auf die rot-gr\u00fcne Landesregierung, die ein pauschales Verbot ablehnt.<\/strong><\/p>\n<p>Hannover (dpa\/lni) &#8211; Niedersachsens Landtag diskutiert am Dienstag (12.00 Uhr) \u00fcber den richtigen Umgang mit Handys und Smartwatches an Schulen. Die oppositionelle CDU beantragt, minderj\u00e4hrigen Sch\u00fclerinnen und Sch\u00fclern die Verwendung im Unterricht, in den Pausen sowie im Ganztag grunds\u00e4tzlich zu verbieten. Ausnahmen w\u00e4ren dem Vorschlag zufolge f\u00fcr Sch\u00fcler in der Oberstufe sowie zu p\u00e4dagogischen Zwecken m\u00f6glich. Auch in Notf\u00e4llen oder medizinisch begr\u00fcndeten Einzelf\u00e4llen bliebe die Handynutzung erlaubt.<\/p>\n<p>&#8222;Im Vordergrund steht hier der Kinderschutzaspekt. Wir glauben einfach, dass wir Handlungsbedarf haben&#8220;, sagte CDU-Fraktionschef Sebastian Lechner. &#8222;Digitale Gewalt hat viele Formen&#8220;, hei\u00dft es in dem Antrag zur Begr\u00fcndung. Die CDU verweist etwa auf Cybermobbing, sexuelle Bel\u00e4stigung und das sogenannte Cybergrooming \u2013 also die Ansprache von Minderj\u00e4hrigen mit dem Ziel des sexuellen Missbrauchs.<\/p>\n<p>Bislang k\u00f6nnen die Schulen in Niedersachsen selbstst\u00e4ndig \u00fcber den Umgang mit Handys entscheiden \u2013 und die rot-gr\u00fcne Landesregierung will daran festhalten.\u00a0<\/p>\n<p>Zu den weiteren Themen der Landtagssitzung z\u00e4hlen die geplante Gr\u00fcndung einer neuen Immobilienanstalt des Landes, schnellere Bauverfahren sowie eine Anhebung der Bez\u00fcge der Abgeordneten.<\/p>\n","protected":false},"excerpt":{"rendered":"Niedersachsen &amp; Bremen Landtag diskutiert \u00fcber Handyverbote an Schulen 24.06.2025, 03:33 Uhr Die CDU will Handys und Smartwatches&hellip;\n","protected":false},"author":2,"featured_media":214390,"comment_status":"","ping_status":"","sticky":false,"template":"","format":"standard","meta":{"footnotes":""},"categories":[1824],"tags":[4568,2420,3364,29,30,68957,1985,1411],"class_list":{"0":"post-214389","1":"post","2":"type-post","3":"status-publish","4":"format-standard","5":"has-post-thumbnail","7":"category-bremen","8":"tag-schulen","9":"tag-bremen","10":"tag-de","11":"tag-deutschland","12":"tag-germany","13":"tag-handyverbote","14":"tag-landtag","15":"tag-niedersachsen"},"share_on_mastodon":{"url":"https:\/\/pubeurope.com\/@de\/114735934583194889","error":""},"_links":{"self":[{"href":"https:\/\/www.europesays.com\/de\/wp-json\/wp\/v2\/posts\/214389","targetHints":{"allow":["GET"]}}],"collection":[{"href":"https:\/\/www.europesays.com\/de\/wp-json\/wp\/v2\/posts"}],"about":[{"href":"https:\/\/www.europesays.com\/de\/wp-json\/wp\/v2\/types\/post"}],"author":[{"embeddable":true,"href":"https:\/\/www.europesays.com\/de\/wp-json\/wp\/v2\/users\/2"}],"replies":[{"embeddable":true,"href":"https:\/\/www.europesays.com\/de\/wp-json\/wp\/v2\/comments?post=214389"}],"version-history":[{"count":0,"href":"https:\/\/www.europesays.com\/de\/wp-json\/wp\/v2\/posts\/214389\/revisions"}],"wp:featuredmedia":[{"embeddable":true,"href":"https:\/\/www.europesays.com\/de\/wp-json\/wp\/v2\/media\/214390"}],"wp:attachment":[{"href":"https:\/\/www.europesays.com\/de\/wp-json\/wp\/v2\/media?parent=214389"}],"wp:term":[{"taxonomy":"category","embeddable":true,"href":"https:\/\/www.europesays.com\/de\/wp-json\/wp\/v2\/categories?post=214389"},{"taxonomy":"post_tag","embeddable":true,"href":"https:\/\/www.europesays.com\/de\/wp-json\/wp\/v2\/tags?post=214389"}],"curies":[{"name":"wp","href":"https:\/\/api.w.org\/{rel}","templated":true}]}}