{"id":214391,"date":"2025-06-24T02:16:35","date_gmt":"2025-06-24T02:16:35","guid":{"rendered":"https:\/\/www.europesays.com\/de\/214391\/"},"modified":"2025-06-24T02:16:35","modified_gmt":"2025-06-24T02:16:35","slug":"broetchenpreise-in-essen-steigen-warum-baecker-hoehere-kosten-weitergeben","status":"publish","type":"post","link":"https:\/\/www.europesays.com\/de\/214391\/","title":{"rendered":"Br\u00f6tchenpreise in Essen steigen: Warum B\u00e4cker h\u00f6here Kosten weitergeben"},"content":{"rendered":"<p>B\u00e4ckereien in Essen passen Br\u00f6tchenpreise an<\/p>\n<p>In Essen haben mehrere B\u00e4ckereien zuletzt ihre Br\u00f6tchenpreise angepasst. F\u00fcr viele Kundinnen und Kunden f\u00e4llt besonders ins Auge, dass der Preis f\u00fcr zehn Br\u00f6tchen bei einigen Anbietern inzwischen \u00fcber der symboltr\u00e4chtigen Marke von vier Euro liegt. Doch Branchenvertreter machen klar: Es geht nicht nur um ein paar Cent, sondern um das \u00dcberleben des Handwerks.<\/p>\n<p>Beispielsweise hat B\u00e4cker Peter Anfang Juni den St\u00fcckpreis f\u00fcr ein Br\u00f6tchen von 45 auf 46 Cent erh\u00f6ht &#8211; zehn Br\u00f6tchen kosten dort nun 4,02 Euro. Auch Malzers aus Gelsenkirchen hat nachgezogen und verlangt mittlerweile 46 Cent pro St\u00fcck. Das 10er-Angebot liegt bei 4,20 Euro.<\/p>\n<p>Bei der B\u00e4ckerei D\u00f6bbe liegt der Preis aktuell bei 45 Cent &#8211; seit Juli 2024 stabil, wie Gesch\u00e4ftsf\u00fchrer Johannes D\u00f6bbe auf Radio-Essen-Nachfrage mitteilte. Bei der B\u00e4ckerei B\u00fcsch aus Kamp-Lintfort, die ebenfalls in Essen vertreten ist, kostet ein Br\u00f6tchen derzeit 38 Cent. Dort habe es aktuell keine Preiserh\u00f6hung gegeben, hei\u00dft es.<\/p>\n<p>Tarifvertrag l\u00e4sst Personalkosten in Essen steigen<\/p>\n<p>Hintergrund der Preiserh\u00f6hungen ist ein neuer Tarifvertrag im B\u00e4ckerhandwerk. Seit dem 1. Mai 2025 gilt die n\u00e4chste Lohnstufe, wodurch die Personalkosten im Schnitt um 2,4 Prozent gestiegen sind. Die Situation ist f\u00fcr viele Betriebe ernst &#8211; und regelm\u00e4\u00dfige Preisanpassungen schlicht unvermeidlich.<\/p>\n<p>Tristan F\u00f6rster, Sprecher der B\u00e4cker-Innung Rhein-Ruhr, erkl\u00e4rt im Gespr\u00e4ch mit Radio Essen: &#8222;Die B\u00e4cker werden keine Million\u00e4re, nur weil sie die Preise um einen Cent erh\u00f6hen.&#8220;<\/p>\n<p>Tats\u00e4chlich sei die Lohnentwicklung in den vergangenen Jahren enorm gewesen: Allein seit 2020 seien die Personalkosten im B\u00e4ckerei-Handwerk um \u00fcber 20 Prozent gestiegen.<\/p>\n<p>Br\u00f6tchenpreise in Essen steigen auch wegen B\u00fcrokratie und Technik<\/p>\n<p>Doch nicht nur die L\u00f6hne treiben die Preise: Der Kostendruck kommt aus vielen Richtungen. Tristan F\u00f6rster, Sprecher der B\u00e4cker-Innung Rhein-Ruhr nennt unter anderem:<\/p>\n<ul>\n<li>Anschaffung neuer Kassensysteme f\u00fcr kontaktloses Bezahlen und hohe Geb\u00fchren<\/li>\n<li>B\u00fcrokratische Vorgaben wie die Aufbewahrungspflicht von Belegen f\u00fcr 10 Jahre<\/li>\n<li>Materialpreise seien stabil bis leicht steigend<\/li>\n<\/ul>\n<p>Nachwuchsmangel: Viele Betriebe setzen auf Fachkr\u00e4fte aus dem Ausland, was mit Einarbeitung, Sprachkursen und Integrationsarbeit verbunden ist. Laut F\u00f6rster kostet auch das Geld, Energie und Kraft.<\/p>\n<p>Fr\u00fcher seien Preisanpassungen nur alle zwei bis drei Jahre \u00fcblich gewesen, heute m\u00fcssten die Preise fast j\u00e4hrlich neu kalkuliert werden &#8211; unter anderem wegen der sogenannten Lohnspirale, die durch steigende Mindestl\u00f6hne zus\u00e4tzlich befeuert werde.<\/p>\n<p>Kritik \u00fcbt F\u00f6rster auch an der Politik: Die B\u00e4ckerbetriebe w\u00fcrden beim Umgang mit steigender B\u00fcrokratie und Technikanforderungen weitgehend allein gelassen.<\/p>\n<p>D\u00f6bbe in Essen: Qualit\u00e4t hat ihren Preis<\/p>\n<p>Auch Johannes D\u00f6bbe, Gesch\u00e4ftsf\u00fchrer der B\u00e4ckerei D\u00f6bbe, beschreibt die wirtschaftliche Lage deutlich. Gegen\u00fcber Radio Essen sagt er:<\/p>\n<blockquote><p>&#8222;Selbstverst\u00e4ndlich freuen wir uns f\u00fcr unsere Mitarbeitenden, wenn diese durch den Tarifvertrag profitieren. Trotzdem m\u00fcssen wir weiterhin vern\u00fcnftig wirtschaften. Das macht eine Preisanpassung unum\u00e4glich.&#8220;<\/p><\/blockquote>\n<p>Die letzte Erh\u00f6hung bei D\u00f6bbe lag im Juli 2024 bei zwei Cent \u2013 von 43 auf 45 Cent. Seitdem ist der Preis stabil geblieben. Die Reaktionen der Kunden seien allerdings h\u00e4ufig kritisch:<\/p>\n<blockquote><p>&#8222;Nat\u00fcrlich haben nur die wenigsten Kunden Verst\u00e4ndnis f\u00fcr eine Preisanpassung. Das ist auch normal. Unser Fokus liegt auf Qualit\u00e4t &#8211; und die hat ihren Preis.&#8220;<\/p><\/blockquote>\n<p>D\u00f6bbe betont: Qualit\u00e4t, ehrliches Handwerk und zuverl\u00e4ssiger Service seien f\u00fcr viele Kundinnen und Kunden nach wie vor ein Argument, trotz leicht gestiegener Preise treu zu bleiben.<\/p>\n<p>Lebensmittelpreise in Essen: Nicht nur Br\u00f6tchen werden teurer<\/p>\n<p>W\u00e4hrend sich viele Verbraucherinnen und Verbraucher in Essen an einem Cent mehr f\u00fcr ein Br\u00f6tchen st\u00f6ren, weisen Branchenvertreter auf einen wichtigen Punkt hin: In Superm\u00e4rkten oder Drogerien sind manche Produkte deutlich st\u00e4rker im Preis gestiegen. Preisspr\u00fcnge von 10 bis 20 Prozent bei Kosmetik, Haushaltswaren oder Markenlebensmitteln sind keine Seltenheit.<\/p>\n<p>Discounter-Druck bleibt f\u00fcr B\u00e4cker in Essen gro\u00df<\/p>\n<p>Der Preisdruck durch Discounter ist f\u00fcr das Handwerk nichts Neues &#8211; doch er bleibt sp\u00fcrbar. Discounter bieten Br\u00f6tchen oft deutlich g\u00fcnstiger an, allerdings meist nicht in handwerklicher Herstellung. Viele B\u00e4ckereien setzen deshalb bewusst auf Qualit\u00e4t, Geschmack und Service.<\/p>\n<blockquote><p>&#8222;Den Preiskampf mit den Discountern werden wir jedes Mal verlieren&#8220;, sagt Tristan F\u00f6rster. &#8222;Aber wer Qualit\u00e4t mit guten Mitarbeitenden erhalten will, muss daf\u00fcr auch bezahlen.&#8220;<\/p><\/blockquote>\n<p>Mehr Nachrichten aus Essen<img loading=\"lazy\" decoding=\"async\" src=\"https:\/\/www.europesays.com\/de\/wp-content\/uploads\/2025\/06\/ea2fbc841d5149d680fbb0138ad12626.gif\" width=\"1\" height=\"1\" alt=\"\"\/><\/p>\n","protected":false},"excerpt":{"rendered":"B\u00e4ckereien in Essen passen Br\u00f6tchenpreise an In Essen haben mehrere B\u00e4ckereien zuletzt ihre Br\u00f6tchenpreise angepasst. F\u00fcr viele Kundinnen&hellip;\n","protected":false},"author":2,"featured_media":214392,"comment_status":"","ping_status":"","sticky":false,"template":"","format":"standard","meta":{"footnotes":""},"categories":[1834],"tags":[35817,68958,3275,28786,3364,29,3688,30,2985,1209,1240,1757,55],"class_list":{"0":"post-214391","1":"post","2":"type-post","3":"status-publish","4":"format-standard","5":"has-post-thumbnail","7":"category-essen","8":"tag-bckereien","9":"tag-brtchenpreise","10":"tag-lokalnachrichten","11":"tag-brtchen","12":"tag-de","13":"tag-deutschland","14":"tag-essen","15":"tag-germany","16":"tag-kosten","17":"tag-nordrhein-westfalen","18":"tag-tarifvertrag","19":"tag-verbraucherpreise","20":"tag-wirtschaft"},"share_on_mastodon":{"url":"https:\/\/pubeurope.com\/@de\/114735938699204001","error":""},"_links":{"self":[{"href":"https:\/\/www.europesays.com\/de\/wp-json\/wp\/v2\/posts\/214391","targetHints":{"allow":["GET"]}}],"collection":[{"href":"https:\/\/www.europesays.com\/de\/wp-json\/wp\/v2\/posts"}],"about":[{"href":"https:\/\/www.europesays.com\/de\/wp-json\/wp\/v2\/types\/post"}],"author":[{"embeddable":true,"href":"https:\/\/www.europesays.com\/de\/wp-json\/wp\/v2\/users\/2"}],"replies":[{"embeddable":true,"href":"https:\/\/www.europesays.com\/de\/wp-json\/wp\/v2\/comments?post=214391"}],"version-history":[{"count":0,"href":"https:\/\/www.europesays.com\/de\/wp-json\/wp\/v2\/posts\/214391\/revisions"}],"wp:featuredmedia":[{"embeddable":true,"href":"https:\/\/www.europesays.com\/de\/wp-json\/wp\/v2\/media\/214392"}],"wp:attachment":[{"href":"https:\/\/www.europesays.com\/de\/wp-json\/wp\/v2\/media?parent=214391"}],"wp:term":[{"taxonomy":"category","embeddable":true,"href":"https:\/\/www.europesays.com\/de\/wp-json\/wp\/v2\/categories?post=214391"},{"taxonomy":"post_tag","embeddable":true,"href":"https:\/\/www.europesays.com\/de\/wp-json\/wp\/v2\/tags?post=214391"}],"curies":[{"name":"wp","href":"https:\/\/api.w.org\/{rel}","templated":true}]}}