{"id":214578,"date":"2025-06-24T04:01:16","date_gmt":"2025-06-24T04:01:16","guid":{"rendered":"https:\/\/www.europesays.com\/de\/214578\/"},"modified":"2025-06-24T04:01:16","modified_gmt":"2025-06-24T04:01:16","slug":"prinz-harry-versoehungsversuch-mit-william-doch-der-koennte-schief-gehen","status":"publish","type":"post","link":"https:\/\/www.europesays.com\/de\/214578\/","title":{"rendered":"Prinz Harry: Vers\u00f6hungsversuch mit William! Doch der k\u00f6nnte schief gehen"},"content":{"rendered":"<p>Prinz Harry<br \/>\nEr will William und Charles zu Invictus Games einladen, aber \u2026<\/p>\n<p><img class=\"image image-element__image\"   src=\"https:\/\/www.europesays.com\/de\/wp-content\/uploads\/2025\/06\/prinz-william-prinz-harry-koenig-charles.jpg\" alt=\"Prinz William, Prinz Harry und K\u00f6nig Charles\" decoding=\"async\" fetchpriority=\"high\" loading=\"eager\"\/><br \/>\n<a href=\"https:\/\/image.gala.de\/24010586\/t\/l1\/v5\/w2048\/r1.5\/-\/prinz-william-prinz-harry-koenig-charles.jpg#Samir%20Hussein%2FWireImage%20%2F%20Getty%20Images\" class=\"image__magnifier\" aria-label=\"Vergr\u00f6\u00dfern\" rel=\"nofollow noopener\" target=\"_blank\"><\/p>\n<p> Prinz William, <a href=\"https:\/\/www.gala.de\/stars\/starportraets\/prinz-harry-20519960.html\" data-article-type=\"star-portrait\" rel=\"nofollow noopener\" target=\"_blank\">Prinz Harry<\/a> und <a href=\"https:\/\/www.gala.de\/stars\/starportraets\/koenig-charles-20477256.html\" data-article-type=\"star-portrait\" rel=\"nofollow noopener\" target=\"_blank\">K\u00f6nig Charles<\/a> <\/p>\n<p>\u00a9 Samir Hussein\/WireImage \/ Getty Images<\/p>\n<p>\nPlant Prinz Harry einen Vers\u00f6hnungsversuch mit den Royals? Er will K\u00f6nig Charles und Prinz William wohl zu seinen Invictus Games einladen. Doch da gibt es ein gro\u00dfes Problem.\n<\/p>\n<p class=\"text-element u-richtext u-typo u-typo--article-text article__text-element text-element--context-article\"> Nach Jahren des Schweigens und der Entfremdung soll <a data-target-type=\"star-portrait\" href=\"https:\/\/www.gala.de\/stars\/starportraets\/prinz-harry-20519960.html\" rel=\"noopener nofollow\" target=\"_blank\">Prinz Harry<\/a>, 40, einen Schritt auf seine Familie zugehen wollen. Wie die britische &#8222;Mail on Sunday&#8220; unter Berufung auf Insider berichtet, will der <a class=\"link--person\" data-target-type=\"article\" href=\"https:\/\/www.gala.de\/stars\/starportraets\/prinz-harry-20519960.html\" rel=\"nofollow noopener\" target=\"_blank\">Herzog von Sussex<\/a> die gesamte k\u00f6nigliche Familie, darunter <a class=\"link--person\" data-target-type=\"article\" href=\"https:\/\/www.gala.de\/stars\/starportraets\/koenig-charles-20477256.html\" rel=\"nofollow noopener\" target=\"_blank\">K\u00f6nig Charles<\/a>, 76, und <a data-target-type=\"star-portrait\" href=\"https:\/\/www.gala.de\/stars\/starportraets\/prinzessin-diana-20538110.html\" rel=\"noopener nofollow\" target=\"_blank\">Prinz William<\/a>, 43, zu seinen Invictus Games 2027 einladen.<\/p>\n<p>Prinz Harrys Timing ist kein Zufall<\/p>\n<p class=\"text-element u-richtext u-typo u-typo--article-text article__text-element text-element--context-article\"> Die Einladungen sollen gem\u00e4\u00df den Informanten der Sonntagszeitung noch in diesem Monat verschickt werden, zun\u00e4chst per E-Mail an die Privatsekret\u00e4re im Palast, gefolgt von einer formellen Einladung.<\/p>\n<p class=\"text-element u-richtext u-typo u-typo--article-text article__text-element text-element--context-article\"> Das Timing ist dabei kein Zufall: Sein Vater plant seine Termine bis zu drei Jahre im Voraus und Harry soll der Familie die bestm\u00f6gliche Chance geben wollen, den Spielen in Birmingham beizuwohnen.<\/p>\n<p><img class=\"image teaser__image\"   src=\"https:\/\/www.europesays.com\/de\/wp-content\/uploads\/2025\/06\/kate-harry-teaser.jpg\" alt=\"Catherine, Princess of Wales, und Prinz Harry\" decoding=\"async\" fetchpriority=\"auto\" loading=\"lazy\"\/><\/p>\n<p><a href=\"https:\/\/www.gala.de\/royals\/briten\/prinz-harry--besonderer-anruf-von-kate-enthuellt---aus-diesem-grund-24190634.html\" class=\"teaser__link js-embedded-teaser teaser__link--overlay\" rel=\"nofollow noopener\" target=\"_blank\"><br \/>\n&#8222;Sie macht sich Sorgen um Harry&#8220;<br \/>\nGeheimer Anruf von Kate enth\u00fcllt \u2013 aus diesem Grund<br \/>\n<\/a> <\/p>\n<p>Invictus-Games-Einladung als &#8222;Friedensangebot&#8220; an Prinz William und K\u00f6nig Charles<\/p>\n<p class=\"text-element u-richtext u-typo u-typo--article-text article__text-element text-element--context-article\"> &#8222;Harry hat zugestimmt, dass Invictus eine Einladung an seine Familie aussprechen soll&#8220;, verriet eine Quelle der Zeitung. Die Organisation hoffe, &#8222;dass die k\u00f6nigliche Familie kommen wird, um die verwundeten Veteranen zu unterst\u00fctzen. Der Prinz hofft, dass sein Vater ihre Differenzen beiseitelegt und die Invictus Games besucht.&#8220;<\/p>\n<p class=\"text-element u-richtext u-typo u-typo--article-text article__text-element text-element--context-article\"> Die von ihm 2014 ins Leben gerufenen Invictus Games sind Prinz Harrys Herzensprojekt. Bei der Sportveranstaltung treten verwundete Veteranen aus \u00fcber 20 Nationen an. &#8222;Die Royals haben Invictus immer sehr unterst\u00fctzt und sind stolz auf das, was Harry in diesem Bereich erreicht hat. Dies ist ein Friedensangebot von ihm, das erwidert werden k\u00f6nnte&#8220;, so der Insider.<\/p>\n<p><img class=\"image teaser__image\"   src=\"https:\/\/www.europesays.com\/de\/wp-content\/uploads\/2025\/06\/prinz-william-harry.jpg\" alt=\"Prinz Harry und Prinz William\" decoding=\"async\" fetchpriority=\"auto\" loading=\"lazy\"\/><\/p>\n<p><a href=\"https:\/\/www.gala.de\/royals\/briten\/prinz-harry---prinz-william--onkel-charles-spencer-aeussert-sich-zu-ihrem-zerwuerfnis-24188402.html\" class=\"teaser__link js-embedded-teaser teaser__link--overlay\" rel=\"nofollow noopener\" target=\"_blank\"><br \/>\nPrinz Harry + Prinz William<br \/>\nSeltenheit! Onkel Charles Spencer \u00e4u\u00dfert sich zu ihrem Zerw\u00fcrfnis<br \/>\n<\/a> <\/p>\n<p>Gro\u00dfes Problem! Werden William und Charles Harrys Einladung deshalb nicht annehmen?<\/p>\n<p class=\"text-element u-richtext u-typo u-typo--article-text article__text-element text-element--context-article\"> Prinz Harrys Beziehung zu seiner Familie ist seit dem &#8222;Megxit&#8220; im Jahr 2020 zerr\u00fcttet. Damals legte die Nummer f\u00fcnf der britischen Thronfolge gemeinsam mit seiner Ehefrau <a class=\"link--person\" data-target-type=\"article\" href=\"https:\/\/www.gala.de\/stars\/starportraets\/meghan-markle-aka-herzogin-meghan--alles-ueber-die-frau-an-prinz-harrys-seite-20586488.html\" rel=\"nofollow noopener\" target=\"_blank\">Herzogin Meghan<\/a>, 43, die royalen Pflichten nieder und zog in die USA, wo sie bis heute zusammen mit ihren zwei Kindern leben. Einen der Tiefpunkte erreichte der Konflikt mit einem Oprah-Interview im M\u00e4rz 2021, in dem Meghan schwere Vorw\u00fcrfe gegen die k\u00f6nigliche Familie erhob. In seiner Netflix-Dokumentation und seiner Autobiografie &#8222;Reserve&#8220; enth\u00fcllte Harry in der Folge weitere Familiengeheimnisse.<\/p>\n<p class=\"text-element u-richtext u-typo u-typo--article-text article__text-element text-element--context-article\"> Die Invictus Games 2027 w\u00e4ren Stand jetzt das erste Mal seit der Beerdigung von Queen Elizabeth II. im September 2022, dass Harry sich gemeinsam mit seinem Vater und seinem Bruder Prinz William zeigen w\u00fcrde. Bei der Kr\u00f6nung von Charles im darauffolgenden Jahr war er nur kurz anwesend. Doch das Timing k\u00f6nnte zum Problem werden: Die Spiele sind f\u00fcr den 12. bis 17. Juli 2027 angesetzt. Das gro\u00dfe Finale f\u00e4llt damit exakt auf K\u00f6nigin Camillas 80. Geburtstag. F\u00fcr diesen Tag d\u00fcrften bereits Feierlichkeiten geplant sein.<\/p>\n<p><a href=\"https:\/\/www.gala.de\/royals\/briten\/prinz-harry---herzogin-meghan--die-bilder-ihrer-stuermischen-liebe-21447522.html\" class=\"teaser__link teaser-multi-picture__link teaser__link--overlay\" rel=\"nofollow noopener\" target=\"_blank\">  <\/p>\n<p>&#8222;Papas kleines M\u00e4dchen&#8220;<br \/>\nMeghan teilt r\u00fchrende Fotos von Harry und Geburtstagskind Lili <\/p>\n<p>50<br \/>\nBilder  <\/p>\n<p><\/a><\/p>\n<p>Harry ist bereit f\u00fcr Vers\u00f6hnung<\/p>\n<p class=\"text-element u-richtext u-typo u-typo--article-text article__text-element text-element--context-article\"> Royal-Expertin Ingrid Seward sieht aber durchaus Chancen, dass K\u00f6nig Charles dennoch an dem Event teilnehmen k\u00f6nnte: &#8222;Der K\u00f6nig k\u00f6nnte kommen, um seine Unterst\u00fctzung f\u00fcr die Streitkr\u00e4fte zu zeigen und Harry zu seinem bedeutendsten Lebenserfolg zu gratulieren.&#8220; Allerdings warnt sie auch: &#8222;Der einzige Grund, warum der K\u00f6nig z\u00f6gert, mit seinem Sohn in Verbindung gebracht zu werden, ist, dass er ihm nicht mehr vertraut, ihre privaten Gespr\u00e4che nicht zu wiederholen.&#8220;<\/p>\n<p class=\"text-element u-richtext u-typo u-typo--article-text article__text-element text-element--context-article\"> Harry selbst hatte in einem BBC-Interview im vergangenen Monat seine Bereitschaft zur Vers\u00f6hnung signalisiert: &#8222;Es hat keinen Sinn, weiter zu k\u00e4mpfen. Das Leben ist kostbar.&#8220; Er f\u00fcgte hinzu: &#8222;Vergebung ist zu 100 Prozent m\u00f6glich, denn ich m\u00f6chte meinen Vater und meinen Bruder zur\u00fcck.&#8220;<\/p>\n<p class=\"text-element u-richtext u-typo u-typo--article-text article__text-element text-element--context-article\"> Verwendete Quellen: dailymail.co.uk, bbc.com<\/p>\n<p>\nSpotOnNews\n<\/p>\n<p>#Themen<\/p>\n","protected":false},"excerpt":{"rendered":"Prinz Harry Er will William und Charles zu Invictus Games einladen, aber \u2026 Prinz William, Prinz Harry und&hellip;\n","protected":false},"author":2,"featured_media":214579,"comment_status":"","ping_status":"","sticky":false,"template":"","format":"standard","meta":{"footnotes":""},"categories":[1776],"tags":[1801,29,214,30,1802,215],"class_list":{"0":"post-214578","1":"post","2":"type-post","3":"status-publish","4":"format-standard","5":"has-post-thumbnail","7":"category-prominente","8":"tag-celebrities","9":"tag-deutschland","10":"tag-entertainment","11":"tag-germany","12":"tag-prominente","13":"tag-unterhaltung"},"share_on_mastodon":{"url":"","error":""},"_links":{"self":[{"href":"https:\/\/www.europesays.com\/de\/wp-json\/wp\/v2\/posts\/214578","targetHints":{"allow":["GET"]}}],"collection":[{"href":"https:\/\/www.europesays.com\/de\/wp-json\/wp\/v2\/posts"}],"about":[{"href":"https:\/\/www.europesays.com\/de\/wp-json\/wp\/v2\/types\/post"}],"author":[{"embeddable":true,"href":"https:\/\/www.europesays.com\/de\/wp-json\/wp\/v2\/users\/2"}],"replies":[{"embeddable":true,"href":"https:\/\/www.europesays.com\/de\/wp-json\/wp\/v2\/comments?post=214578"}],"version-history":[{"count":0,"href":"https:\/\/www.europesays.com\/de\/wp-json\/wp\/v2\/posts\/214578\/revisions"}],"wp:featuredmedia":[{"embeddable":true,"href":"https:\/\/www.europesays.com\/de\/wp-json\/wp\/v2\/media\/214579"}],"wp:attachment":[{"href":"https:\/\/www.europesays.com\/de\/wp-json\/wp\/v2\/media?parent=214578"}],"wp:term":[{"taxonomy":"category","embeddable":true,"href":"https:\/\/www.europesays.com\/de\/wp-json\/wp\/v2\/categories?post=214578"},{"taxonomy":"post_tag","embeddable":true,"href":"https:\/\/www.europesays.com\/de\/wp-json\/wp\/v2\/tags?post=214578"}],"curies":[{"name":"wp","href":"https:\/\/api.w.org\/{rel}","templated":true}]}}