{"id":214582,"date":"2025-06-24T04:03:09","date_gmt":"2025-06-24T04:03:09","guid":{"rendered":"https:\/\/www.europesays.com\/de\/214582\/"},"modified":"2025-06-24T04:03:09","modified_gmt":"2025-06-24T04:03:09","slug":"die-schoensten-mini-dramen-in-einem-buch","status":"publish","type":"post","link":"https:\/\/www.europesays.com\/de\/214582\/","title":{"rendered":"Die sch\u00f6nsten Mini-Dramen in einem Buch"},"content":{"rendered":"\n<p>Der Bildband &#8222;The Best of Frank Kunert&#8220; versammelt die sch\u00f6nsten Miniaturwelten des Bastlers und Fotografen. In ihnen inszeniert er kleine und gro\u00dfe Dramen, \u00fcber die man gerne schmunzelt oder lacht.<\/p>\n<p>Liebevoll gestaltet Kunert die Modelle in seiner Werkstatt, um sie dann realit\u00e4tsnah abzulichten. Die Entw\u00fcrfe entstehen zuerst auf Papier, danach errichtet der Fotograf einen Rohbau aus Leichtschaumplatten. Zunehmend f\u00fcllen sich die Modelle mit liebevoll gestalteten Details. Am Ende stehen dann Mini-Kulissen, in denen sich irrwitziger Alltag oder skurrile Tr\u00e4ume abspielen. Der neue Band zeigt einen Querschnitt von Kunerts Schaffens von den Jahren 2001 bis 2017.\u00a0<\/p>\n<p>The Best of Frank Kunert. Hatje-Cantz 2025, Hardcover, 112 Seiten, Deutsch\/Englisch, ISBN 978 3 7757 5927 4, Preis: 24 Euro<\/p>\n","protected":false},"excerpt":{"rendered":"Der Bildband &#8222;The Best of Frank Kunert&#8220; versammelt die sch\u00f6nsten Miniaturwelten des Bastlers und Fotografen. In ihnen inszeniert&hellip;\n","protected":false},"author":2,"featured_media":214583,"comment_status":"","ping_status":"","sticky":false,"template":"","format":"standard","meta":{"footnotes":""},"categories":[1774],"tags":[1784,1785,29,214,1885,68995,68994,28229,68992,68996,68997,68991,30,68993,215],"class_list":{"0":"post-214582","1":"post","2":"type-post","3":"status-publish","4":"format-standard","5":"has-post-thumbnail","7":"category-buecher","8":"tag-books","9":"tag-buecher","10":"tag-deutschland","11":"tag-entertainment","12":"tag-fotografie","13":"tag-fotohits","14":"tag-fotomagazin","15":"tag-fotonews","16":"tag-fotopraxis","17":"tag-fototipps","18":"tag-fotoveranstaltung","19":"tag-fotozeitschrift","20":"tag-germany","21":"tag-kameratest","22":"tag-unterhaltung"},"share_on_mastodon":{"url":"","error":""},"_links":{"self":[{"href":"https:\/\/www.europesays.com\/de\/wp-json\/wp\/v2\/posts\/214582","targetHints":{"allow":["GET"]}}],"collection":[{"href":"https:\/\/www.europesays.com\/de\/wp-json\/wp\/v2\/posts"}],"about":[{"href":"https:\/\/www.europesays.com\/de\/wp-json\/wp\/v2\/types\/post"}],"author":[{"embeddable":true,"href":"https:\/\/www.europesays.com\/de\/wp-json\/wp\/v2\/users\/2"}],"replies":[{"embeddable":true,"href":"https:\/\/www.europesays.com\/de\/wp-json\/wp\/v2\/comments?post=214582"}],"version-history":[{"count":0,"href":"https:\/\/www.europesays.com\/de\/wp-json\/wp\/v2\/posts\/214582\/revisions"}],"wp:featuredmedia":[{"embeddable":true,"href":"https:\/\/www.europesays.com\/de\/wp-json\/wp\/v2\/media\/214583"}],"wp:attachment":[{"href":"https:\/\/www.europesays.com\/de\/wp-json\/wp\/v2\/media?parent=214582"}],"wp:term":[{"taxonomy":"category","embeddable":true,"href":"https:\/\/www.europesays.com\/de\/wp-json\/wp\/v2\/categories?post=214582"},{"taxonomy":"post_tag","embeddable":true,"href":"https:\/\/www.europesays.com\/de\/wp-json\/wp\/v2\/tags?post=214582"}],"curies":[{"name":"wp","href":"https:\/\/api.w.org\/{rel}","templated":true}]}}