{"id":214750,"date":"2025-06-24T05:38:19","date_gmt":"2025-06-24T05:38:19","guid":{"rendered":"https:\/\/www.europesays.com\/de\/214750\/"},"modified":"2025-06-24T05:38:19","modified_gmt":"2025-06-24T05:38:19","slug":"wer-malt-denn-hier-weitere-wand-in-chemnitzer-innenstadt-wird-bunt","status":"publish","type":"post","link":"https:\/\/www.europesays.com\/de\/214750\/","title":{"rendered":"Wer malt denn hier? Weitere Wand in Chemnitzer Innenstadt wird bunt"},"content":{"rendered":"<p class=\"bold\">\n\t\t\t\t\t\t\t\t\t\tF\u00fcr das Projekt Hallenkunst entstehen immer mehr bunte Fassaden in Chemnitz. F\u00fcr eine haben am Montag die Arbeiten begonnen.\t\t\t\t<\/p>\n<p>\t\t\t\t Jan Kal\u00e1b mag es farbenfroh. Der bildende K\u00fcnstler aus Prag ist seit Montag auf einer Hebeb\u00fchne am Johannisplatz dabei zu beobachten, wie er eine graue Wand bunt gestaltet. Sie befindet sich neben dem neuen NSU-Dokumentationszentrum. Er male ein Farbspektrum, mit dem er oft arbeite, sagt Ren\u00e9 K\u00e4stner. Er ist Organisator der Hallenkunst. Neben&#8230;<\/p>\n<p>\t\t<img decoding=\"async\" class=\"fp-plus-logo\" src=\"https:\/\/www.freiepresse.de\/img\/fpplus.svg\" alt=\"Freie Presse plus Logo\"\/><\/p>\n<p>Registrieren und testen.<\/p>\n<p>Jetzt mit Ihrer Registrierung 1 Monat gratis testen und alle Beitr\u00e4ge lesen.<\/p>\n<p>Schon Abonnent? Melden Sie sich mit ihren Zugangsdaten an.<\/p>\n","protected":false},"excerpt":{"rendered":"F\u00fcr das Projekt Hallenkunst entstehen immer mehr bunte Fassaden in Chemnitz. F\u00fcr eine haben am Montag die Arbeiten&hellip;\n","protected":false},"author":2,"featured_media":214751,"comment_status":"","ping_status":"","sticky":false,"template":"","format":"standard","meta":{"footnotes":""},"categories":[1851],"tags":[2770,3364,29,548,663,3934,3858,30,13,14,15,859,12],"class_list":{"0":"post-214750","1":"post","2":"type-post","3":"status-publish","4":"format-standard","5":"has-post-thumbnail","7":"category-chemnitz","8":"tag-chemnitz","9":"tag-de","10":"tag-deutschland","11":"tag-eu","12":"tag-europa","13":"tag-europe","14":"tag-firmenleben-firmen-in-not","15":"tag-germany","16":"tag-headlines","17":"tag-nachrichten","18":"tag-news","19":"tag-sachsen","20":"tag-schlagzeilen"},"share_on_mastodon":{"url":"","error":""},"_links":{"self":[{"href":"https:\/\/www.europesays.com\/de\/wp-json\/wp\/v2\/posts\/214750","targetHints":{"allow":["GET"]}}],"collection":[{"href":"https:\/\/www.europesays.com\/de\/wp-json\/wp\/v2\/posts"}],"about":[{"href":"https:\/\/www.europesays.com\/de\/wp-json\/wp\/v2\/types\/post"}],"author":[{"embeddable":true,"href":"https:\/\/www.europesays.com\/de\/wp-json\/wp\/v2\/users\/2"}],"replies":[{"embeddable":true,"href":"https:\/\/www.europesays.com\/de\/wp-json\/wp\/v2\/comments?post=214750"}],"version-history":[{"count":0,"href":"https:\/\/www.europesays.com\/de\/wp-json\/wp\/v2\/posts\/214750\/revisions"}],"wp:featuredmedia":[{"embeddable":true,"href":"https:\/\/www.europesays.com\/de\/wp-json\/wp\/v2\/media\/214751"}],"wp:attachment":[{"href":"https:\/\/www.europesays.com\/de\/wp-json\/wp\/v2\/media?parent=214750"}],"wp:term":[{"taxonomy":"category","embeddable":true,"href":"https:\/\/www.europesays.com\/de\/wp-json\/wp\/v2\/categories?post=214750"},{"taxonomy":"post_tag","embeddable":true,"href":"https:\/\/www.europesays.com\/de\/wp-json\/wp\/v2\/tags?post=214750"}],"curies":[{"name":"wp","href":"https:\/\/api.w.org\/{rel}","templated":true}]}}