{"id":214885,"date":"2025-06-24T06:50:11","date_gmt":"2025-06-24T06:50:11","guid":{"rendered":"https:\/\/www.europesays.com\/de\/214885\/"},"modified":"2025-06-24T06:50:11","modified_gmt":"2025-06-24T06:50:11","slug":"the-ultra-experience-is-ready-to-unfold-samsung-newsroom-deutschland","status":"publish","type":"post","link":"https:\/\/www.europesays.com\/de\/214885\/","title":{"rendered":"The Ultra Experience is ready to unfold \u2013 Samsung Newsroom Deutschland"},"content":{"rendered":"<p><strong>Seit Jahren entwickelt Samsung seine Devices so, dass sie das bieten, was sich Nutzer*innen w\u00fcnschen: mit top Performance, starkem Kamera-Set-up und smarten M\u00f6glichkeiten in Verbindung zu bleiben. Aber damit nicht genug: Bei den Funktionen von Galaxy AI geht es nicht nur darum, was die Ger\u00e4te k\u00f6nnen, sondern vor allem auch darum, wie Nutzer*innen mit ihnen interagieren.<\/strong><\/p>\n<p>\u00a0<\/p>\n<p><img loading=\"lazy\" decoding=\"async\" src=\"https:\/\/www.europesays.com\/de\/wp-content\/uploads\/2025\/06\/Samsung-Mobile-Galaxy-Unpacked-July-2025-Invitation-Galaxy-AI-Foldable-Ultra-Experience-Unfold_thumb.jpeg\" alt=\"\" width=\"1000\" height=\"563\" class=\"alignnone size-full wp-image-46807\"  \/><\/p>\n<p>\u00a0<\/p>\n<p>AI ver\u00e4ndert, wie wir unsere Ger\u00e4te nutzen \u2013 sie wird zum neuen User Interface. Das Smartphone ist keine reine Kollektion von Apps und Tools mehr. Es wird viel mehr zum wirklich smarten Begleiter, der versteht, was Nutzer*innen m\u00f6chten, und entsprechend proaktiv reagieren kann.<\/p>\n<p>\u00a0<\/p>\n<p>The Ultra Experience is ready to unfold: Die Galaxy Foldable Ger\u00e4te der n\u00e4chsten Generation sind neu gedacht mit einem AI-gest\u00fctzten und optimierten User Interface, unterst\u00fctzt durch starke Hardware. Im Zusammenspiel mit der Entwicklungsexpertise von Samsung entfalten sie so das volle Potenzial der Galaxy AI Funktionen.<\/p>\n<p>\u00a0<\/p>\n<p>Am 9. Juli um 16:00 Uhr l\u00e4dt Samsung ein zum Unpacked in Brooklyn, New York. Der Stadtteil steht f\u00fcr eine besondere Atmosph\u00e4re und inspirierende Geschichten. Der Spirit: Mit vision\u00e4ren Ideen und mutigen Konzepten die Zukunft gestalten. Kultur, Kreativit\u00e4t und Zusammenarbeit \u2013 damit ist Brooklyn der perfekte Ort, um die neuesten Devices der Samsung Galaxy Reihe vorzustellen. Sei auf dem <a href=\"https:\/\/www.youtube.com\/samsung\" rel=\"noopener nofollow\" target=\"_blank\">Samsung YouTube-Kanal<\/a>, im <a href=\"https:\/\/news.samsung.com\/global\/\" rel=\"noopener nofollow\" target=\"_blank\">Samsung Newsroom<\/a> und auf <a href=\"https:\/\/www.samsung.com\/de\/\" rel=\"noopener nofollow\" target=\"_blank\">samsung.com<\/a> dabei.<\/p>\n<p>\u00a0<\/p><\/p>\n","protected":false},"excerpt":{"rendered":"Seit Jahren entwickelt Samsung seine Devices so, dass sie das bieten, was sich Nutzer*innen w\u00fcnschen: mit top Performance,&hellip;\n","protected":false},"author":2,"featured_media":214886,"comment_status":"","ping_status":"","sticky":false,"template":"","format":"standard","meta":{"footnotes":""},"categories":[135],"tags":[29,30,190,189,194,191,193,192],"class_list":{"0":"post-214885","1":"post","2":"type-post","3":"status-publish","4":"format-standard","5":"has-post-thumbnail","7":"category-wissenschaft-technik","8":"tag-deutschland","9":"tag-germany","10":"tag-science","11":"tag-science-technology","12":"tag-technik","13":"tag-technology","14":"tag-wissenschaft","15":"tag-wissenschaft-technik"},"share_on_mastodon":{"url":"https:\/\/pubeurope.com\/@de\/114737015892631481","error":""},"_links":{"self":[{"href":"https:\/\/www.europesays.com\/de\/wp-json\/wp\/v2\/posts\/214885","targetHints":{"allow":["GET"]}}],"collection":[{"href":"https:\/\/www.europesays.com\/de\/wp-json\/wp\/v2\/posts"}],"about":[{"href":"https:\/\/www.europesays.com\/de\/wp-json\/wp\/v2\/types\/post"}],"author":[{"embeddable":true,"href":"https:\/\/www.europesays.com\/de\/wp-json\/wp\/v2\/users\/2"}],"replies":[{"embeddable":true,"href":"https:\/\/www.europesays.com\/de\/wp-json\/wp\/v2\/comments?post=214885"}],"version-history":[{"count":0,"href":"https:\/\/www.europesays.com\/de\/wp-json\/wp\/v2\/posts\/214885\/revisions"}],"wp:featuredmedia":[{"embeddable":true,"href":"https:\/\/www.europesays.com\/de\/wp-json\/wp\/v2\/media\/214886"}],"wp:attachment":[{"href":"https:\/\/www.europesays.com\/de\/wp-json\/wp\/v2\/media?parent=214885"}],"wp:term":[{"taxonomy":"category","embeddable":true,"href":"https:\/\/www.europesays.com\/de\/wp-json\/wp\/v2\/categories?post=214885"},{"taxonomy":"post_tag","embeddable":true,"href":"https:\/\/www.europesays.com\/de\/wp-json\/wp\/v2\/tags?post=214885"}],"curies":[{"name":"wp","href":"https:\/\/api.w.org\/{rel}","templated":true}]}}